{"id":82318,"date":"2019-01-28T19:31:03","date_gmt":"2019-01-28T22:31:03","guid":{"rendered":"http:\/\/www.caririemacao.com\/1\/?p=82318"},"modified":"2019-01-28T19:31:06","modified_gmt":"2019-01-28T22:31:06","slug":"fala-governador-joao-azevedo-promete-ampliar-ensino-integral-nos-223-municipios-da-paraiba","status":"publish","type":"post","link":"https:\/\/www.caririemacao.com\/1\/2019\/01\/28\/fala-governador-joao-azevedo-promete-ampliar-ensino-integral-nos-223-municipios-da-paraiba\/","title":{"rendered":"Fala Governador: Jo\u00e3o Azev\u00eado promete ampliar ensino integral nos 223 munic\u00edpios da Para\u00edba"},"content":{"rendered":"\n<p>Nesta segunda-feira (28) o governador da Para\u00edba, Jo\u00e3o Azev\u00eado iniciou seu primeiro programa Fala Governador em uma cadeia de r\u00e1dios espalhadas pela Para\u00edba.<\/p>\n\n\n\n<p>Jo\u00e3o falou sobre promessas de campanha de j\u00e1 est\u00e3o sendo cumpridas e sobre perspectivas de avan\u00e7os para os pr\u00f3ximos quatro anos.<\/p>\n\n\n\n<p>Mas, a principal pauta do programa Fala Governador foi educa\u00e7\u00e3o. Azev\u00eado expressou que sua meta \u00e9 levar ensino integral para os 223 munic\u00edpios paraibanos.<\/p>\n\n\n\n<blockquote class=\"wp-block-quote is-layout-flow wp-block-quote-is-layout-flow\"><p>\u201c A Para\u00edba \u00e9 o \u00fanico estado do Brasil a oferecer ensino profissionalizante em unidades socioeducativas. N\u00f3s queremos fazer com que essas unidades tenham o n\u00famero cada vez menor de jovens, porque esses jovens tem que estar \u00e9 no mercado de trabalho tendo uma nova oportunidade. O ensino integral n\u00e3o tenho d\u00favida nenhuma, nesses pr\u00f3ximos quatro anos, atingir\u00e1 os 223 munic\u00edpios da Para\u00edba\u201d disse Jo\u00e3o.<\/p><\/blockquote>\n","protected":false},"excerpt":{"rendered":"<p>Nesta segunda-feira (28) o governador da Para\u00edba, Jo\u00e3o Azev\u00eado iniciou seu primeiro programa Fala Governador em uma cadeia de r\u00e1dios espalhadas pela Para\u00edba. Jo\u00e3o falou&hellip; <\/p>\n","protected":false},"author":1,"featured_media":81628,"comment_status":"closed","ping_status":"closed","sticky":false,"template":"","format":"standard","meta":{"sfsi_plus_gutenberg_text_before_share":"","sfsi_plus_gutenberg_show_text_before_share":"","sfsi_plus_gutenberg_icon_type":"","sfsi_plus_gutenberg_icon_alignemt":"","sfsi_plus_gutenburg_max_per_row":"","footnotes":""},"categories":[11],"tags":[],"class_list":["post-82318","post","type-post","status-publish","format-standard","has-post-thumbnail","hentry","category-politica"],"_links":{"self":[{"href":"https:\/\/www.caririemacao.com\/1\/wp-json\/wp\/v2\/posts\/82318","targetHints":{"allow":["GET"]}}],"collection":[{"href":"https:\/\/www.caririemacao.com\/1\/wp-json\/wp\/v2\/posts"}],"about":[{"href":"https:\/\/www.caririemacao.com\/1\/wp-json\/wp\/v2\/types\/post"}],"author":[{"embeddable":true,"href":"https:\/\/www.caririemacao.com\/1\/wp-json\/wp\/v2\/users\/1"}],"replies":[{"embeddable":true,"href":"https:\/\/www.caririemacao.com\/1\/wp-json\/wp\/v2\/comments?post=82318"}],"version-history":[{"count":1,"href":"https:\/\/www.caririemacao.com\/1\/wp-json\/wp\/v2\/posts\/82318\/revisions"}],"predecessor-version":[{"id":82319,"href":"https:\/\/www.caririemacao.com\/1\/wp-json\/wp\/v2\/posts\/82318\/revisions\/82319"}],"wp:featuredmedia":[{"embeddable":true,"href":"https:\/\/www.caririemacao.com\/1\/wp-json\/wp\/v2\/media\/81628"}],"wp:attachment":[{"href":"https:\/\/www.caririemacao.com\/1\/wp-json\/wp\/v2\/media?parent=82318"}],"wp:term":[{"taxonomy":"category","embeddable":true,"href":"https:\/\/www.caririemacao.com\/1\/wp-json\/wp\/v2\/categories?post=82318"},{"taxonomy":"post_tag","embeddable":true,"href":"https:\/\/www.caririemacao.com\/1\/wp-json\/wp\/v2\/tags?post=82318"}],"curies":[{"name":"wp","href":"https:\/\/api.w.org\/{rel}","templated":true}]}}