{"id":82330,"date":"2019-01-29T06:43:09","date_gmt":"2019-01-29T09:43:09","guid":{"rendered":"http:\/\/www.caririemacao.com\/1\/?p=82330"},"modified":"2019-01-29T06:43:11","modified_gmt":"2019-01-29T09:43:11","slug":"preco-do-gas-natural-vai-aumentar-em-tres-segmentos-na-paraiba","status":"publish","type":"post","link":"https:\/\/www.caririemacao.com\/1\/2019\/01\/29\/preco-do-gas-natural-vai-aumentar-em-tres-segmentos-na-paraiba\/","title":{"rendered":"Pre\u00e7o do g\u00e1s natural vai aumentar em tr\u00eas segmentos na Para\u00edba"},"content":{"rendered":"\n<p>Em audi\u00eancia p\u00fablica realizada na manh\u00e3 desta segunda-feira (28), no audit\u00f3rio do Espa\u00e7o Cultural, a Companhia Paraibana de G\u00e1s (PBG\u00e1s) prop\u00f4s n\u00e3o repassar o reajuste da tarifa para o G\u00e1s Natural Veicular (GNV), com objetivo de garantir a competitividade do combust\u00edvel no mercado que, com base no pre\u00e7o m\u00e9dio da Ag\u00eancia Nacional do Petr\u00f3leo (ANP), est\u00e1 27% mais competitivo que a gasolina e 25 % em rela\u00e7\u00e3o ao etanol.<\/p>\n\n\n\n<p>Na audi\u00eancia, que contou com a participa\u00e7\u00e3o da diretoria da PBG\u00e1s, representantes da Ag\u00eancia de Regula\u00e7\u00e3o do Estado da Para\u00edba (ARPB), do Procon-PB, e representantes dos segmentos residencial, industrial e automotivo, foram apresentados os fundamentos da proposta de repasse do aumento no custo do g\u00e1s de 1,81%, por parte da supridora Petrobras, \u00e0s tarifas da companhia, a partir do m\u00eas de fevereiro.<\/p>\n\n\n\n<p>O \u00edndice m\u00e9dio de reajuste do g\u00e1s natural apresentado pela companhia foi de 1,63%, sendo de 1,47% para o segmento da ind\u00fastria, 12,31% para o comercial, 13,11% para o residencial, 1,75% para gera\u00e7\u00e3o distribu\u00edda e 1,68% para EBVA (Energ\u00e9ticos de Baixo Valor Agregado).<\/p>\n\n\n\n<p>As novas tarifas ser\u00e3o adotadas ap\u00f3s a aprova\u00e7\u00e3o da ARPB e devem valer a partir de fevereiro.<\/p>\n\n\n\n<p>De acordo com a diretora-presidente da PBG\u00e1s, Tatiana Domiciano, a audi\u00eancia foi positiva por mostrar de forma transparente com os segmentos envolvidos a composi\u00e7\u00e3o da tarifa do g\u00e1s natural, o esfor\u00e7o da companhia para n\u00e3o repassar o reajuste para o GNV e manter os demais segmentos competitivos.<\/p>\n\n\n\n<p>Tatiana Domiciano explicou tamb\u00e9m que os segmentos comercial e residencial s\u00f3 ter\u00e3o um \u00fanico reajuste no ano de 2019, garantindo uma maior estabilidade nos pre\u00e7os aplicados para mais de 17 mil clientes nos segmentos.<\/p>\n\n\n\n<p>\u201cA PBG\u00e1s cumpre o seu papel de apresentar \u00e0 sociedade e ao mercado as explica\u00e7\u00f5es para que a composi\u00e7\u00e3o da tarifa seja melhor entendida\u201d, observou.<\/p>\n\n\n\n<p>Ap\u00f3s a audi\u00eancia, a companhia enviar\u00e1 a proposta tarif\u00e1ria para a ARPB, a quem cabe homologar a proposta e autorizar a aplica\u00e7\u00e3o da nova estrutura tarif\u00e1ria no Di\u00e1rio Oficial do Estado.<\/p>\n\n\n\n<p>A ata e a apresenta\u00e7\u00e3o dos fundamentos da nova estrutura tarif\u00e1ria tamb\u00e9m estar\u00e3o dispon\u00edveis no dia 29 de janeiro no site da PBG\u00e1s.<\/p>\n\n\n\n<p><\/p>\n\n\n\n<p>Secom\/PB <\/p>\n","protected":false},"excerpt":{"rendered":"<p>Em audi\u00eancia p\u00fablica realizada na manh\u00e3 desta segunda-feira (28), no audit\u00f3rio do Espa\u00e7o Cultural, a Companhia Paraibana de G\u00e1s (PBG\u00e1s) prop\u00f4s n\u00e3o repassar o reajuste&hellip; <\/p>\n","protected":false},"author":1,"featured_media":82331,"comment_status":"closed","ping_status":"closed","sticky":false,"template":"","format":"standard","meta":{"sfsi_plus_gutenberg_text_before_share":"","sfsi_plus_gutenberg_show_text_before_share":"","sfsi_plus_gutenberg_icon_type":"","sfsi_plus_gutenberg_icon_alignemt":"","sfsi_plus_gutenburg_max_per_row":"","footnotes":""},"categories":[2],"tags":[],"class_list":["post-82330","post","type-post","status-publish","format-standard","has-post-thumbnail","hentry","category-geral"],"_links":{"self":[{"href":"https:\/\/www.caririemacao.com\/1\/wp-json\/wp\/v2\/posts\/82330","targetHints":{"allow":["GET"]}}],"collection":[{"href":"https:\/\/www.caririemacao.com\/1\/wp-json\/wp\/v2\/posts"}],"about":[{"href":"https:\/\/www.caririemacao.com\/1\/wp-json\/wp\/v2\/types\/post"}],"author":[{"embeddable":true,"href":"https:\/\/www.caririemacao.com\/1\/wp-json\/wp\/v2\/users\/1"}],"replies":[{"embeddable":true,"href":"https:\/\/www.caririemacao.com\/1\/wp-json\/wp\/v2\/comments?post=82330"}],"version-history":[{"count":1,"href":"https:\/\/www.caririemacao.com\/1\/wp-json\/wp\/v2\/posts\/82330\/revisions"}],"predecessor-version":[{"id":82332,"href":"https:\/\/www.caririemacao.com\/1\/wp-json\/wp\/v2\/posts\/82330\/revisions\/82332"}],"wp:featuredmedia":[{"embeddable":true,"href":"https:\/\/www.caririemacao.com\/1\/wp-json\/wp\/v2\/media\/82331"}],"wp:attachment":[{"href":"https:\/\/www.caririemacao.com\/1\/wp-json\/wp\/v2\/media?parent=82330"}],"wp:term":[{"taxonomy":"category","embeddable":true,"href":"https:\/\/www.caririemacao.com\/1\/wp-json\/wp\/v2\/categories?post=82330"},{"taxonomy":"post_tag","embeddable":true,"href":"https:\/\/www.caririemacao.com\/1\/wp-json\/wp\/v2\/tags?post=82330"}],"curies":[{"name":"wp","href":"https:\/\/api.w.org\/{rel}","templated":true}]}}