{"id":82333,"date":"2019-01-29T06:45:46","date_gmt":"2019-01-29T09:45:46","guid":{"rendered":"http:\/\/www.caririemacao.com\/1\/?p=82333"},"modified":"2019-01-29T06:45:48","modified_gmt":"2019-01-29T09:45:48","slug":"joao-azevedo-anuncia-concurso-com-mil-vagas-para-a-area-da-educacao","status":"publish","type":"post","link":"https:\/\/www.caririemacao.com\/1\/2019\/01\/29\/joao-azevedo-anuncia-concurso-com-mil-vagas-para-a-area-da-educacao\/","title":{"rendered":"Jo\u00e3o Azev\u00eado anuncia concurso com mil vagas para a \u00e1rea da Educa\u00e7\u00e3o"},"content":{"rendered":"\n<p>O Governo do Estado realizar\u00e1 este ano concurso p\u00fablico, com a oferta de mil vagas, para a \u00e1rea da Educa\u00e7\u00e3o. O an\u00fancio foi feito pelo governador Jo\u00e3o Azev\u00eado nesta segunda-feira (28), na 1\u00aa edi\u00e7\u00e3o do programa \u2018Fala, governador\u2019 de 2019, transmitido em cadeia para todo o Estado, pela R\u00e1dio Tabajara.&nbsp;<\/p>\n\n\n\n<p>Ele ainda assegurou a convoca\u00e7\u00e3o dos 500 aprovados no concurso p\u00fablico da \u00e1rea da Seguran\u00e7a at\u00e9 o final de 2019.<\/p>\n\n\n\n<p>De acordo com Jo\u00e3o Azev\u00eado, o concurso para Educa\u00e7\u00e3o j\u00e1 est\u00e1 em fase de planejamento e ser\u00e1 realizado ainda este ano. \u201cJ\u00e1 come\u00e7amos a trabalhar nos editais para a realiza\u00e7\u00e3o do concurso para mil novos professores na rede estadual. Essa \u00e9 a maneira mais correta de entrar no servi\u00e7o p\u00fablico. Logo, logo, estaremos publicando o edital\u201d, assegurou.<\/p>\n\n\n\n<p>O gestor tamb\u00e9m afirmou que os 500 aprovados no concurso para a \u00e1rea da Seguran\u00e7a ser\u00e3o chamados em 2019 para iniciarem o curso de forma\u00e7\u00e3o. \u201cVamos dar continuidade ao concurso realizado em 2018 para a \u00e1rea de seguran\u00e7a, que ofereceu mil vagas; 500 pessoas j\u00e1 foram convocadas e estaremos convocando, ainda este ano, os outros 500 j\u00e1 aprovados nesse concurso para que iniciem o curso de especializa\u00e7\u00e3o, que tem uma dura\u00e7\u00e3o prolongada; tenham a certeza de que ser\u00e3o chamados\u201d, ressaltou.<\/p>\n\n\n\n<p>Dentro da pol\u00edtica da realiza\u00e7\u00e3o de concursos p\u00fablicos, o governador anunciou que tamb\u00e9m ser\u00e3o abertas vagas para a Procuradoria-Geral do Estado e para a Ag\u00eancia Executiva de Gest\u00e3o das \u00c1guas da Para\u00edba (Aesa).<\/p>\n\n\n\n<p>ClickPB <\/p>\n","protected":false},"excerpt":{"rendered":"<p>O Governo do Estado realizar\u00e1 este ano concurso p\u00fablico, com a oferta de mil vagas, para a \u00e1rea da Educa\u00e7\u00e3o. O an\u00fancio foi feito pelo&hellip; <\/p>\n","protected":false},"author":1,"featured_media":82334,"comment_status":"closed","ping_status":"closed","sticky":false,"template":"","format":"standard","meta":{"sfsi_plus_gutenberg_text_before_share":"","sfsi_plus_gutenberg_show_text_before_share":"","sfsi_plus_gutenberg_icon_type":"","sfsi_plus_gutenberg_icon_alignemt":"","sfsi_plus_gutenburg_max_per_row":"","footnotes":""},"categories":[11],"tags":[],"class_list":["post-82333","post","type-post","status-publish","format-standard","has-post-thumbnail","hentry","category-politica"],"_links":{"self":[{"href":"https:\/\/www.caririemacao.com\/1\/wp-json\/wp\/v2\/posts\/82333","targetHints":{"allow":["GET"]}}],"collection":[{"href":"https:\/\/www.caririemacao.com\/1\/wp-json\/wp\/v2\/posts"}],"about":[{"href":"https:\/\/www.caririemacao.com\/1\/wp-json\/wp\/v2\/types\/post"}],"author":[{"embeddable":true,"href":"https:\/\/www.caririemacao.com\/1\/wp-json\/wp\/v2\/users\/1"}],"replies":[{"embeddable":true,"href":"https:\/\/www.caririemacao.com\/1\/wp-json\/wp\/v2\/comments?post=82333"}],"version-history":[{"count":1,"href":"https:\/\/www.caririemacao.com\/1\/wp-json\/wp\/v2\/posts\/82333\/revisions"}],"predecessor-version":[{"id":82335,"href":"https:\/\/www.caririemacao.com\/1\/wp-json\/wp\/v2\/posts\/82333\/revisions\/82335"}],"wp:featuredmedia":[{"embeddable":true,"href":"https:\/\/www.caririemacao.com\/1\/wp-json\/wp\/v2\/media\/82334"}],"wp:attachment":[{"href":"https:\/\/www.caririemacao.com\/1\/wp-json\/wp\/v2\/media?parent=82333"}],"wp:term":[{"taxonomy":"category","embeddable":true,"href":"https:\/\/www.caririemacao.com\/1\/wp-json\/wp\/v2\/categories?post=82333"},{"taxonomy":"post_tag","embeddable":true,"href":"https:\/\/www.caririemacao.com\/1\/wp-json\/wp\/v2\/tags?post=82333"}],"curies":[{"name":"wp","href":"https:\/\/api.w.org\/{rel}","templated":true}]}}