{"id":82336,"date":"2019-01-29T06:47:16","date_gmt":"2019-01-29T09:47:16","guid":{"rendered":"http:\/\/www.caririemacao.com\/1\/?p=82336"},"modified":"2019-01-29T06:47:19","modified_gmt":"2019-01-29T09:47:19","slug":"comecam-hoje-as-inscricoes-para-o-concurso-publico-do-ifpb","status":"publish","type":"post","link":"https:\/\/www.caririemacao.com\/1\/2019\/01\/29\/comecam-hoje-as-inscricoes-para-o-concurso-publico-do-ifpb\/","title":{"rendered":"Come\u00e7am hoje as inscri\u00e7\u00f5es para o concurso p\u00fablico do IFPB"},"content":{"rendered":"\n<p>Come\u00e7am hoje (29), as inscri\u00e7\u00f5es para o concurso t\u00e9cnico administrativo do Instituto Federal da Para\u00edba (IFPB). Ao todo s\u00e3o oferecidas 36 vagas em cargos t\u00e9cnico-administrativos com exig\u00eancia de n\u00edvel m\u00e9dio, m\u00e9dio com ensino profissionalizante e superior.<\/p>\n\n\n\n<p><a href=\"http:\/\/www.ifpb.edu.br\/concursopublico\/tecnico-administrativo\/vigentes\/edital-147-2018-concurso-publico-tecnico-administrativo\">Confira os editais<\/a><\/p>\n\n\n\n<p>O cargo com mais vagas \u00e9 assistente em administra\u00e7\u00e3o, com cinco no total.<\/p>\n\n\n\n<p>Os vencimentos b\u00e1sicos v\u00e3o de R$ 1.945,07 a R$ 4.180,66, dependendo dos cargos. A esse valor soma-se ainda o aux\u00edlio alimenta\u00e7\u00e3o.<\/p>\n\n\n\n<p>A realiza\u00e7\u00e3o da prova objetiva est\u00e1 prevista para o dia 31 de mar\u00e7o de 2019. J\u00e1 o per\u00edodo de inscri\u00e7\u00f5es, ser\u00e1 entre os dias 29 de janeiro e 25 de fevereiro. A rela\u00e7\u00e3o dos locais de prova dever\u00e1 ser divulgada at\u00e9 o dia 26 de mar\u00e7o. A previs\u00e3o \u00e9 de que o resultado final seja divulgado at\u00e9 o dia 3 de julho de 2019.<\/p>\n","protected":false},"excerpt":{"rendered":"<p>Come\u00e7am hoje (29), as inscri\u00e7\u00f5es para o concurso t\u00e9cnico administrativo do Instituto Federal da Para\u00edba (IFPB). Ao todo s\u00e3o oferecidas 36 vagas em cargos t\u00e9cnico-administrativos&hellip; <\/p>\n","protected":false},"author":1,"featured_media":79023,"comment_status":"closed","ping_status":"closed","sticky":false,"template":"","format":"standard","meta":{"sfsi_plus_gutenberg_text_before_share":"","sfsi_plus_gutenberg_show_text_before_share":"","sfsi_plus_gutenberg_icon_type":"","sfsi_plus_gutenberg_icon_alignemt":"","sfsi_plus_gutenburg_max_per_row":"","footnotes":""},"categories":[14],"tags":[],"class_list":["post-82336","post","type-post","status-publish","format-standard","has-post-thumbnail","hentry","category-educacao"],"_links":{"self":[{"href":"https:\/\/www.caririemacao.com\/1\/wp-json\/wp\/v2\/posts\/82336","targetHints":{"allow":["GET"]}}],"collection":[{"href":"https:\/\/www.caririemacao.com\/1\/wp-json\/wp\/v2\/posts"}],"about":[{"href":"https:\/\/www.caririemacao.com\/1\/wp-json\/wp\/v2\/types\/post"}],"author":[{"embeddable":true,"href":"https:\/\/www.caririemacao.com\/1\/wp-json\/wp\/v2\/users\/1"}],"replies":[{"embeddable":true,"href":"https:\/\/www.caririemacao.com\/1\/wp-json\/wp\/v2\/comments?post=82336"}],"version-history":[{"count":1,"href":"https:\/\/www.caririemacao.com\/1\/wp-json\/wp\/v2\/posts\/82336\/revisions"}],"predecessor-version":[{"id":82337,"href":"https:\/\/www.caririemacao.com\/1\/wp-json\/wp\/v2\/posts\/82336\/revisions\/82337"}],"wp:featuredmedia":[{"embeddable":true,"href":"https:\/\/www.caririemacao.com\/1\/wp-json\/wp\/v2\/media\/79023"}],"wp:attachment":[{"href":"https:\/\/www.caririemacao.com\/1\/wp-json\/wp\/v2\/media?parent=82336"}],"wp:term":[{"taxonomy":"category","embeddable":true,"href":"https:\/\/www.caririemacao.com\/1\/wp-json\/wp\/v2\/categories?post=82336"},{"taxonomy":"post_tag","embeddable":true,"href":"https:\/\/www.caririemacao.com\/1\/wp-json\/wp\/v2\/tags?post=82336"}],"curies":[{"name":"wp","href":"https:\/\/api.w.org\/{rel}","templated":true}]}}