{"id":82343,"date":"2019-01-29T06:50:37","date_gmt":"2019-01-29T09:50:37","guid":{"rendered":"http:\/\/www.caririemacao.com\/1\/?p=82343"},"modified":"2019-01-29T06:50:38","modified_gmt":"2019-01-29T09:50:38","slug":"candidatos-podem-aderir-a-lista-de-espera-do-sisu-2019-a-partir-desta-terca-feira","status":"publish","type":"post","link":"https:\/\/www.caririemacao.com\/1\/2019\/01\/29\/candidatos-podem-aderir-a-lista-de-espera-do-sisu-2019-a-partir-desta-terca-feira\/","title":{"rendered":"Candidatos podem aderir a lista de espera do Sisu 2019 a partir desta ter\u00e7a-feira"},"content":{"rendered":"\n<p>Os candidatos que n\u00e3o conseguiram uma vaga na primeira chamada do Sisu, podem partipar da lista de espera a partir desta ter\u00e7a-feira (29). O prazo vai at\u00e9 o dia 5 de fevereiro.&nbsp;<\/p>\n\n\n\n<p>Os interessados podem fazer a ades\u00e3o na&nbsp;<a href=\"http:\/\/www.sisu.com.br\/\">p\u00e1gina do Sisu<\/a>. Eles podem optar entrar na lista de&nbsp;espera para a primeira op\u00e7\u00e3o&nbsp;ou para a segunda op\u00e7\u00e3o de curso feita na hora da inscri\u00e7\u00e3o.<\/p>\n\n\n\n<p>A convoca\u00e7\u00e3o dos alunos ocorre a partir de 7 de fevereiro e ser\u00e1 feita pelas pr\u00f3prias institui\u00e7\u00f5es de ensino.<\/p>\n","protected":false},"excerpt":{"rendered":"<p>Os candidatos que n\u00e3o conseguiram uma vaga na primeira chamada do Sisu, podem partipar da lista de espera a partir desta ter\u00e7a-feira (29). O prazo&hellip; <\/p>\n","protected":false},"author":1,"featured_media":82344,"comment_status":"closed","ping_status":"closed","sticky":false,"template":"","format":"standard","meta":{"sfsi_plus_gutenberg_text_before_share":"","sfsi_plus_gutenberg_show_text_before_share":"","sfsi_plus_gutenberg_icon_type":"","sfsi_plus_gutenberg_icon_alignemt":"","sfsi_plus_gutenburg_max_per_row":"","footnotes":""},"categories":[2],"tags":[],"class_list":["post-82343","post","type-post","status-publish","format-standard","has-post-thumbnail","hentry","category-geral"],"_links":{"self":[{"href":"https:\/\/www.caririemacao.com\/1\/wp-json\/wp\/v2\/posts\/82343","targetHints":{"allow":["GET"]}}],"collection":[{"href":"https:\/\/www.caririemacao.com\/1\/wp-json\/wp\/v2\/posts"}],"about":[{"href":"https:\/\/www.caririemacao.com\/1\/wp-json\/wp\/v2\/types\/post"}],"author":[{"embeddable":true,"href":"https:\/\/www.caririemacao.com\/1\/wp-json\/wp\/v2\/users\/1"}],"replies":[{"embeddable":true,"href":"https:\/\/www.caririemacao.com\/1\/wp-json\/wp\/v2\/comments?post=82343"}],"version-history":[{"count":1,"href":"https:\/\/www.caririemacao.com\/1\/wp-json\/wp\/v2\/posts\/82343\/revisions"}],"predecessor-version":[{"id":82345,"href":"https:\/\/www.caririemacao.com\/1\/wp-json\/wp\/v2\/posts\/82343\/revisions\/82345"}],"wp:featuredmedia":[{"embeddable":true,"href":"https:\/\/www.caririemacao.com\/1\/wp-json\/wp\/v2\/media\/82344"}],"wp:attachment":[{"href":"https:\/\/www.caririemacao.com\/1\/wp-json\/wp\/v2\/media?parent=82343"}],"wp:term":[{"taxonomy":"category","embeddable":true,"href":"https:\/\/www.caririemacao.com\/1\/wp-json\/wp\/v2\/categories?post=82343"},{"taxonomy":"post_tag","embeddable":true,"href":"https:\/\/www.caririemacao.com\/1\/wp-json\/wp\/v2\/tags?post=82343"}],"curies":[{"name":"wp","href":"https:\/\/api.w.org\/{rel}","templated":true}]}}