{"id":82351,"date":"2019-01-29T06:58:37","date_gmt":"2019-01-29T09:58:37","guid":{"rendered":"http:\/\/www.caririemacao.com\/1\/?p=82351"},"modified":"2019-01-29T06:58:40","modified_gmt":"2019-01-29T09:58:40","slug":"ufcg-deve-ter-cinco-chamadas-de-lista-de-espera-do-sisu-a-partir-do-dia-7-de-fevereiro","status":"publish","type":"post","link":"https:\/\/www.caririemacao.com\/1\/2019\/01\/29\/ufcg-deve-ter-cinco-chamadas-de-lista-de-espera-do-sisu-a-partir-do-dia-7-de-fevereiro\/","title":{"rendered":"UFCG deve ter cinco chamadas de lista de espera do Sisu, a partir do dia 7 de fevereiro"},"content":{"rendered":"\n<p>A Universidade Federal de Campina Grande anunciou que far\u00e1 chamadas de lista de espera nos dias 7, 12, 18, 22 de fevereiro e no dia 7 de mar\u00e7o, a depender da disponibilidade de vagas.&nbsp;<a href=\"http:\/\/sisu.mec.gov.br\/selecionados\">O resultado da chamada regular<\/a>&nbsp;foi divulgado nesta segunda-feira (28), pelo Minist\u00e9rio da Educa\u00e7\u00e3o (MEC).<\/p>\n\n\n\n<p>O cadastramento dos aprovados na chamada regular na UFCG acontecer\u00e1 nos dias 30 e 31 de janeiro e 1 e 4 de fevereiro, na coordena\u00e7\u00e3o do curso para o qual o candidato foi classificado.<\/p>\n\n\n\n<p>Veja aqui a rela\u00e7\u00e3o.<\/p>\n\n\n\n<p>Os candidatos n\u00e3o classificados na chamada regular e que desejam participar da lista de espera devem manifestar o interesse no site do Sisu a partir desta ter\u00e7a-feira (29), at\u00e9 o dia 4 de fevereiro.<\/p>\n\n\n\n<p>A UFCG ofertou 3.160 vagas, sendo 1.568 vagas de ampla concorr\u00eancia e 1.592 reservadas pela lei de cotas, distribu\u00eddas em 76 cursos em sete campi: Campina Grande, Cajazeiras, Cuit\u00e9, Patos, Pombal, Sousa e Sum\u00e9. Desse total, foram ocupadas 2.971 vagas, das quais 52,8% de ampla concorr\u00eancia e 47,2% reservadas para cotas.<\/p>\n\n\n\n<p>Outras informa\u00e7\u00f5es, como documenta\u00e7\u00e3o necess\u00e1ria para o cadastramento e o cronograma completo podem ser consultados no&nbsp;<a href=\"http:\/\/comprov.ufcg.edu.br\/files\/Vestibulares\/2019\/2019.1\/legislacao\/Edital%20PRE%20N%C2%BA%2065_%20SiSU%202019.1.pdf\">edital<\/a>.<\/p>\n","protected":false},"excerpt":{"rendered":"<p>A Universidade Federal de Campina Grande anunciou que far\u00e1 chamadas de lista de espera nos dias 7, 12, 18, 22 de fevereiro e no dia&hellip; <\/p>\n","protected":false},"author":1,"featured_media":7855,"comment_status":"closed","ping_status":"closed","sticky":false,"template":"","format":"standard","meta":{"sfsi_plus_gutenberg_text_before_share":"","sfsi_plus_gutenberg_show_text_before_share":"","sfsi_plus_gutenberg_icon_type":"","sfsi_plus_gutenberg_icon_alignemt":"","sfsi_plus_gutenburg_max_per_row":"","footnotes":""},"categories":[14],"tags":[],"class_list":["post-82351","post","type-post","status-publish","format-standard","has-post-thumbnail","hentry","category-educacao"],"_links":{"self":[{"href":"https:\/\/www.caririemacao.com\/1\/wp-json\/wp\/v2\/posts\/82351","targetHints":{"allow":["GET"]}}],"collection":[{"href":"https:\/\/www.caririemacao.com\/1\/wp-json\/wp\/v2\/posts"}],"about":[{"href":"https:\/\/www.caririemacao.com\/1\/wp-json\/wp\/v2\/types\/post"}],"author":[{"embeddable":true,"href":"https:\/\/www.caririemacao.com\/1\/wp-json\/wp\/v2\/users\/1"}],"replies":[{"embeddable":true,"href":"https:\/\/www.caririemacao.com\/1\/wp-json\/wp\/v2\/comments?post=82351"}],"version-history":[{"count":1,"href":"https:\/\/www.caririemacao.com\/1\/wp-json\/wp\/v2\/posts\/82351\/revisions"}],"predecessor-version":[{"id":82352,"href":"https:\/\/www.caririemacao.com\/1\/wp-json\/wp\/v2\/posts\/82351\/revisions\/82352"}],"wp:featuredmedia":[{"embeddable":true,"href":"https:\/\/www.caririemacao.com\/1\/wp-json\/wp\/v2\/media\/7855"}],"wp:attachment":[{"href":"https:\/\/www.caririemacao.com\/1\/wp-json\/wp\/v2\/media?parent=82351"}],"wp:term":[{"taxonomy":"category","embeddable":true,"href":"https:\/\/www.caririemacao.com\/1\/wp-json\/wp\/v2\/categories?post=82351"},{"taxonomy":"post_tag","embeddable":true,"href":"https:\/\/www.caririemacao.com\/1\/wp-json\/wp\/v2\/tags?post=82351"}],"curies":[{"name":"wp","href":"https:\/\/api.w.org\/{rel}","templated":true}]}}