{"id":82353,"date":"2019-01-29T07:00:54","date_gmt":"2019-01-29T10:00:54","guid":{"rendered":"http:\/\/www.caririemacao.com\/1\/?p=82353"},"modified":"2019-01-29T07:00:57","modified_gmt":"2019-01-29T10:00:57","slug":"ministro-da-educacao-defende-universidades-so-para-elite-intelectual","status":"publish","type":"post","link":"https:\/\/www.caririemacao.com\/1\/2019\/01\/29\/ministro-da-educacao-defende-universidades-so-para-elite-intelectual\/","title":{"rendered":"Ministro da Educa\u00e7\u00e3o defende universidades s\u00f3 para \u2018elite intelectual\u2019"},"content":{"rendered":"\n<p>O Ministro da Educa\u00e7\u00e3o do governo Jair Bolsonaro concedeu uma entrevista ao jornal \u201cValor Econ\u00f4mico\u201d, publicada nesta segunda-feira (28), na qual deixou claro que um dos seus planos para a pasta \u00e9 refor\u00e7ar o ensino t\u00e9cnico no Brasil, a fim de inserir os jovens mais rapidamente no mercado de trabalho.<\/p>\n\n\n\n<p>&#8220;A ideia de universidade para todos n\u00e3o existe&#8221;, disse Ricardo V\u00e9lez Rodr\u00edguez, que tentou explicar o seu ponto de vista citando o ensino superior.<br><\/p>\n\n\n\n<p>&#8220;Nada contra o Uber, mas esse cidad\u00e3o poderia ter evitado perder seis anos estudando legisla\u00e7\u00e3o&#8221;, afirmou.<\/p>\n\n\n\n<p>V\u00e9lez acredita que o retorno financeiro da forma\u00e7\u00e3o t\u00e9cnica \u00e9 maior e mais r\u00e1pido do que o da gradua\u00e7\u00e3o.<\/p>\n\n\n\n<p>&#8220;As universidades devem ficar reservadas para uma elite intelectual, que n\u00e3o \u00e9 a mesma elite econ\u00f4mica [do Brasil]&#8221;, acrescentou o ministro do MEC.<\/p>\n","protected":false},"excerpt":{"rendered":"<p>O Ministro da Educa\u00e7\u00e3o do governo Jair Bolsonaro concedeu uma entrevista ao jornal \u201cValor Econ\u00f4mico\u201d, publicada nesta segunda-feira (28), na qual deixou claro que um&hellip; <\/p>\n","protected":false},"author":1,"featured_media":82354,"comment_status":"closed","ping_status":"closed","sticky":false,"template":"","format":"standard","meta":{"sfsi_plus_gutenberg_text_before_share":"","sfsi_plus_gutenberg_show_text_before_share":"","sfsi_plus_gutenberg_icon_type":"","sfsi_plus_gutenberg_icon_alignemt":"","sfsi_plus_gutenburg_max_per_row":"","footnotes":""},"categories":[11],"tags":[],"class_list":["post-82353","post","type-post","status-publish","format-standard","has-post-thumbnail","hentry","category-politica"],"_links":{"self":[{"href":"https:\/\/www.caririemacao.com\/1\/wp-json\/wp\/v2\/posts\/82353","targetHints":{"allow":["GET"]}}],"collection":[{"href":"https:\/\/www.caririemacao.com\/1\/wp-json\/wp\/v2\/posts"}],"about":[{"href":"https:\/\/www.caririemacao.com\/1\/wp-json\/wp\/v2\/types\/post"}],"author":[{"embeddable":true,"href":"https:\/\/www.caririemacao.com\/1\/wp-json\/wp\/v2\/users\/1"}],"replies":[{"embeddable":true,"href":"https:\/\/www.caririemacao.com\/1\/wp-json\/wp\/v2\/comments?post=82353"}],"version-history":[{"count":1,"href":"https:\/\/www.caririemacao.com\/1\/wp-json\/wp\/v2\/posts\/82353\/revisions"}],"predecessor-version":[{"id":82355,"href":"https:\/\/www.caririemacao.com\/1\/wp-json\/wp\/v2\/posts\/82353\/revisions\/82355"}],"wp:featuredmedia":[{"embeddable":true,"href":"https:\/\/www.caririemacao.com\/1\/wp-json\/wp\/v2\/media\/82354"}],"wp:attachment":[{"href":"https:\/\/www.caririemacao.com\/1\/wp-json\/wp\/v2\/media?parent=82353"}],"wp:term":[{"taxonomy":"category","embeddable":true,"href":"https:\/\/www.caririemacao.com\/1\/wp-json\/wp\/v2\/categories?post=82353"},{"taxonomy":"post_tag","embeddable":true,"href":"https:\/\/www.caririemacao.com\/1\/wp-json\/wp\/v2\/tags?post=82353"}],"curies":[{"name":"wp","href":"https:\/\/api.w.org\/{rel}","templated":true}]}}