{"id":82357,"date":"2019-01-29T07:03:07","date_gmt":"2019-01-29T10:03:07","guid":{"rendered":"http:\/\/www.caririemacao.com\/1\/?p=82357"},"modified":"2019-01-29T07:03:10","modified_gmt":"2019-01-29T10:03:10","slug":"diretor-da-vale-diz-que-empresa-vai-doar-r-100-mil-para-quem-teve-parente-morto-na-tragedia","status":"publish","type":"post","link":"https:\/\/www.caririemacao.com\/1\/2019\/01\/29\/diretor-da-vale-diz-que-empresa-vai-doar-r-100-mil-para-quem-teve-parente-morto-na-tragedia\/","title":{"rendered":"Diretor da Vale diz que empresa vai doar R$ 100 mil para quem teve parente morto na trag\u00e9dia"},"content":{"rendered":"\n<p>A Vale vai doar R$ 100 mil para cada fam\u00edlia que teve um parente morto na trag\u00e9dia gerada com o rompimento da barragem da mineradora em Brumadinho, nos arredores de Belo Horizonte. As doa\u00e7\u00f5es ser\u00e3o repassadas a partir de amanh\u00e3 (29). Segundo a empresa, trata-se de doa\u00e7\u00e3o, e n\u00e3o de indeniza\u00e7\u00e3o.<\/p>\n\n\n\n<p>No local, ser\u00e1 colocada uma cortina de conten\u00e7\u00e3o no Rio Paraopeba para evitar que a lama se espalhe e afete o abastecimento de \u00e1gua na cidade de Par\u00e1 de Minas.<\/p>\n\n\n\n<p>O diretor executivo de Finan\u00e7as e Rela\u00e7\u00f5es com Investidores da Vale, Luciano Siani, disse que est\u00e1 assegurado o repasse da compensa\u00e7\u00e3o financeira para o munic\u00edpio de Brumadinho. \u201cA Vale vai compensar o munic\u00edpio como se a opera\u00e7\u00e3o estivesse correndo\u201d , ressaltou.<\/p>\n\n\n\n<p>Paralelamente, foram contratados psic\u00f3logos e assistentes sociais do Hospital Albert Einstein para assist\u00eancia \u00e0s v\u00edtimas do acidente na regi\u00e3o.<\/p>\n\n\n\n<p>Questionado sobre a queda de 24% das a\u00e7\u00f5es da Vale na Bolsa de S\u00e3o Paulo, Siani disse que o foco das preocupa\u00e7\u00f5es \u00e9 outro. \u201cO foco \u00e9 na mitiga\u00e7\u00e3o do sofrimento.\u201d<\/p>\n\n\n\n<p>O diretor da Vale afirmou ainda que n\u00e3o tmr compet\u00eancia para avaliar as sugest\u00f5es de mudan\u00e7a no comando da Vale. Segundo Siani, o tema \u201ccompete ao Conselho de Administra\u00e7\u00e3o\u201d.<\/p>\n\n\n\n<p>\u201cTodos esses assuntos s\u00e3o de menor import\u00e2ncia, todo o foco est\u00e1 nas pessoas e no meio ambiente. A fam\u00edlia Vale est\u00e1 dilacerada e est\u00e1 sofrendo\u201d, disse Siani.<\/p>\n","protected":false},"excerpt":{"rendered":"<p>A Vale vai doar R$ 100 mil para cada fam\u00edlia que teve um parente morto na trag\u00e9dia gerada com o rompimento da barragem da mineradora&hellip; <\/p>\n","protected":false},"author":1,"featured_media":82358,"comment_status":"closed","ping_status":"closed","sticky":false,"template":"","format":"standard","meta":{"sfsi_plus_gutenberg_text_before_share":"","sfsi_plus_gutenberg_show_text_before_share":"","sfsi_plus_gutenberg_icon_type":"","sfsi_plus_gutenberg_icon_alignemt":"","sfsi_plus_gutenburg_max_per_row":"","footnotes":""},"categories":[2],"tags":[],"class_list":["post-82357","post","type-post","status-publish","format-standard","has-post-thumbnail","hentry","category-geral"],"_links":{"self":[{"href":"https:\/\/www.caririemacao.com\/1\/wp-json\/wp\/v2\/posts\/82357","targetHints":{"allow":["GET"]}}],"collection":[{"href":"https:\/\/www.caririemacao.com\/1\/wp-json\/wp\/v2\/posts"}],"about":[{"href":"https:\/\/www.caririemacao.com\/1\/wp-json\/wp\/v2\/types\/post"}],"author":[{"embeddable":true,"href":"https:\/\/www.caririemacao.com\/1\/wp-json\/wp\/v2\/users\/1"}],"replies":[{"embeddable":true,"href":"https:\/\/www.caririemacao.com\/1\/wp-json\/wp\/v2\/comments?post=82357"}],"version-history":[{"count":1,"href":"https:\/\/www.caririemacao.com\/1\/wp-json\/wp\/v2\/posts\/82357\/revisions"}],"predecessor-version":[{"id":82359,"href":"https:\/\/www.caririemacao.com\/1\/wp-json\/wp\/v2\/posts\/82357\/revisions\/82359"}],"wp:featuredmedia":[{"embeddable":true,"href":"https:\/\/www.caririemacao.com\/1\/wp-json\/wp\/v2\/media\/82358"}],"wp:attachment":[{"href":"https:\/\/www.caririemacao.com\/1\/wp-json\/wp\/v2\/media?parent=82357"}],"wp:term":[{"taxonomy":"category","embeddable":true,"href":"https:\/\/www.caririemacao.com\/1\/wp-json\/wp\/v2\/categories?post=82357"},{"taxonomy":"post_tag","embeddable":true,"href":"https:\/\/www.caririemacao.com\/1\/wp-json\/wp\/v2\/tags?post=82357"}],"curies":[{"name":"wp","href":"https:\/\/api.w.org\/{rel}","templated":true}]}}