{"id":82365,"date":"2019-01-29T07:05:37","date_gmt":"2019-01-29T10:05:37","guid":{"rendered":"http:\/\/www.caririemacao.com\/1\/?p=82365"},"modified":"2019-01-29T07:05:39","modified_gmt":"2019-01-29T10:05:39","slug":"produtores-do-municipio-de-prata-realizam-intercambio-no-brejo-paraibano","status":"publish","type":"post","link":"https:\/\/www.caririemacao.com\/1\/2019\/01\/29\/produtores-do-municipio-de-prata-realizam-intercambio-no-brejo-paraibano\/","title":{"rendered":"Produtores do munic\u00edpio de Prata realizam interc\u00e2mbio no Brejo Paraibano"},"content":{"rendered":"\n<p>Visando fortalecer a gera\u00e7\u00e3o de emprego e renda a Prefeitura de Prata atrav\u00e9s da secretaria de Agricultura juntamente com os produtores rurais do munic\u00edpio realizaram no dia 25 interc\u00e2mbio no brejo paraibano onde visitaram v\u00e1rios criadores que j\u00e1 desenvolve criat\u00f3rio de camar\u00e3o e pode v\u00ea de perto a experi\u00eancia.Foram realizadas visitas as cidades de Mamanguape e Guarabira juntamente com t\u00e9cnicos que j\u00e1 est\u00e3o prestando assist\u00eancia na regi\u00e3o.\u201cQueremos agradecer a prefeitura municipal de Prata atrav\u00e9s do secret\u00e1rio de agricultura Genivaldo Temborio que nos acompanhou e ao prefeito Junior Nobrega que n\u00e3o mede esfor\u00e7os para apoiar esse novo projeto que se inicia em nosso munic\u00edpio\u201d falou um dos produtores que participou da experi\u00eancia de interc\u00e2mbio.<\/p>\n","protected":false},"excerpt":{"rendered":"<p>Visando fortalecer a gera\u00e7\u00e3o de emprego e renda a Prefeitura de Prata atrav\u00e9s da secretaria de Agricultura juntamente com os produtores rurais do munic\u00edpio realizaram&hellip; <\/p>\n","protected":false},"author":1,"featured_media":82366,"comment_status":"closed","ping_status":"closed","sticky":false,"template":"","format":"standard","meta":{"sfsi_plus_gutenberg_text_before_share":"","sfsi_plus_gutenberg_show_text_before_share":"","sfsi_plus_gutenberg_icon_type":"","sfsi_plus_gutenberg_icon_alignemt":"","sfsi_plus_gutenburg_max_per_row":"","footnotes":""},"categories":[6],"tags":[],"class_list":["post-82365","post","type-post","status-publish","format-standard","has-post-thumbnail","hentry","category-cidades"],"_links":{"self":[{"href":"https:\/\/www.caririemacao.com\/1\/wp-json\/wp\/v2\/posts\/82365","targetHints":{"allow":["GET"]}}],"collection":[{"href":"https:\/\/www.caririemacao.com\/1\/wp-json\/wp\/v2\/posts"}],"about":[{"href":"https:\/\/www.caririemacao.com\/1\/wp-json\/wp\/v2\/types\/post"}],"author":[{"embeddable":true,"href":"https:\/\/www.caririemacao.com\/1\/wp-json\/wp\/v2\/users\/1"}],"replies":[{"embeddable":true,"href":"https:\/\/www.caririemacao.com\/1\/wp-json\/wp\/v2\/comments?post=82365"}],"version-history":[{"count":1,"href":"https:\/\/www.caririemacao.com\/1\/wp-json\/wp\/v2\/posts\/82365\/revisions"}],"predecessor-version":[{"id":82367,"href":"https:\/\/www.caririemacao.com\/1\/wp-json\/wp\/v2\/posts\/82365\/revisions\/82367"}],"wp:featuredmedia":[{"embeddable":true,"href":"https:\/\/www.caririemacao.com\/1\/wp-json\/wp\/v2\/media\/82366"}],"wp:attachment":[{"href":"https:\/\/www.caririemacao.com\/1\/wp-json\/wp\/v2\/media?parent=82365"}],"wp:term":[{"taxonomy":"category","embeddable":true,"href":"https:\/\/www.caririemacao.com\/1\/wp-json\/wp\/v2\/categories?post=82365"},{"taxonomy":"post_tag","embeddable":true,"href":"https:\/\/www.caririemacao.com\/1\/wp-json\/wp\/v2\/tags?post=82365"}],"curies":[{"name":"wp","href":"https:\/\/api.w.org\/{rel}","templated":true}]}}