{"id":82368,"date":"2019-01-29T07:44:20","date_gmt":"2019-01-29T10:44:20","guid":{"rendered":"http:\/\/www.caririemacao.com\/1\/?p=82368"},"modified":"2019-01-29T07:44:24","modified_gmt":"2019-01-29T10:44:24","slug":"policias-civil-e-militar-desarticulam-quadrilha-que-atacava-lojas-no-sertao","status":"publish","type":"post","link":"https:\/\/www.caririemacao.com\/1\/2019\/01\/29\/policias-civil-e-militar-desarticulam-quadrilha-que-atacava-lojas-no-sertao\/","title":{"rendered":"Pol\u00edcias Civil e Militar desarticulam quadrilha que atacava lojas no Sert\u00e3o"},"content":{"rendered":"\n<p>Em uma a\u00e7\u00e3o integrada, policiais civis e militares conseguiram desarticular uma quadrilha especializada em praticar arrombamentos a lojas de grande porte em cidades da Para\u00edba e do Rio Grande do Norte.<\/p>\n\n\n\n<p>A opera\u00e7\u00e3o ocorreu na cidade do Catol\u00e9 do Rocha, no interior do Estado. Cinco homens foram presos entre a tarde desse domingo (27) e a madrugada dessa segunda-feira (28).<\/p>\n\n\n\n<p>Com eles, os policiais encontraram diversos objetos furtados. As primeiras pris\u00f5es ocorreram poucas horas ap\u00f3s o registro de outro com\u00e9rcio violado.<\/p>\n\n\n\n<p>De acordo com o delegado Sylvio Rabelo, da Seccional Catol\u00e9 do Rocha, os cinco presos s\u00e3o suspeitos de terem atacado, pelo menos, quatro com\u00e9rcios. A investiga\u00e7\u00e3o policial j\u00e1 dura seis meses.<\/p>\n\n\n\n<figure class=\"wp-block-image\"><img decoding=\"async\" data-src=\"https:\/\/paraibaonline.com.br\/wp-content\/uploads\/2019\/01\/seds-policia-civil-e-militar-desarticula-quadrilha-que-atava-lojas-no-sertao-da-PB-2.jpg\" alt=\"Foto: Secom\/PB\" class=\"wp-image-567802 lazyload\" src=\"data:image\/svg+xml;base64,PHN2ZyB3aWR0aD0iMSIgaGVpZ2h0PSIxIiB4bWxucz0iaHR0cDovL3d3dy53My5vcmcvMjAwMC9zdmciPjwvc3ZnPg==\" \/><\/figure>\n\n\n\n<p>Foto: Secom\/PB<\/p>\n\n\n\n<p>Neste per\u00edodo, ocorreram arrombamentos de lojas que atuam no ramo varejista de venda de aparelhos eletrodom\u00e9sticos e eletr\u00f4nicos instaladas nas cidades de Catol\u00e9 do Rocha, S\u00e3o Bento e na regi\u00e3o vizinha do Estado do Rio Grande do Norte.<\/p>\n\n\n\n<p>Ap\u00f3s identificar os respons\u00e1veis pelos crimes, a pol\u00edcia pediu \u00e0 Justi\u00e7a a decreta\u00e7\u00e3o da pris\u00e3o preventiva.<\/p>\n\n\n\n<p>Os policiais j\u00e1 estavam procurando os investigados para cumprir os mandados, quando foram informados que outra loja havia sido violada na madrugada do domingo.<\/p>\n\n\n\n<p>\u201cA gente j\u00e1 vinha investigando esse pessoal por conta de arrombamentos ocorridos. J\u00e1 sab\u00edamos quem eram essas pessoas. Quando ocorreu esse arrombamento no domingo, conseguimos prender dois homens. Prosseguimos com dilig\u00eancias e localizamos outros dois suspeitos ainda no domingo e, j\u00e1 na madrugada de hoje (segunda), prendemos o quinto\u201d, afirmou o delegado.<\/p>\n\n\n\n<p>Os cinco homens presos foram identificados como Fabr\u00edcio Barreto, Adriano dos Santos, Dami\u00e3o da Silva, Tiago da Silva e Auri Alencar.<\/p>\n\n\n\n<p>\u201cCom apoio da Pol\u00edcia Militar, obtivermos \u00eaxito nessa opera\u00e7\u00e3o e conseguimos gerar mais tranquilidade para a popula\u00e7\u00e3o\u201d, afirmou o delegado.<\/p>\n","protected":false},"excerpt":{"rendered":"<p>Em uma a\u00e7\u00e3o integrada, policiais civis e militares conseguiram desarticular uma quadrilha especializada em praticar arrombamentos a lojas de grande porte em cidades da Para\u00edba&hellip; <\/p>\n","protected":false},"author":1,"featured_media":82369,"comment_status":"closed","ping_status":"closed","sticky":false,"template":"","format":"standard","meta":{"sfsi_plus_gutenberg_text_before_share":"","sfsi_plus_gutenberg_show_text_before_share":"","sfsi_plus_gutenberg_icon_type":"","sfsi_plus_gutenberg_icon_alignemt":"","sfsi_plus_gutenburg_max_per_row":"","footnotes":""},"categories":[12],"tags":[],"class_list":["post-82368","post","type-post","status-publish","format-standard","has-post-thumbnail","hentry","category-policia"],"_links":{"self":[{"href":"https:\/\/www.caririemacao.com\/1\/wp-json\/wp\/v2\/posts\/82368","targetHints":{"allow":["GET"]}}],"collection":[{"href":"https:\/\/www.caririemacao.com\/1\/wp-json\/wp\/v2\/posts"}],"about":[{"href":"https:\/\/www.caririemacao.com\/1\/wp-json\/wp\/v2\/types\/post"}],"author":[{"embeddable":true,"href":"https:\/\/www.caririemacao.com\/1\/wp-json\/wp\/v2\/users\/1"}],"replies":[{"embeddable":true,"href":"https:\/\/www.caririemacao.com\/1\/wp-json\/wp\/v2\/comments?post=82368"}],"version-history":[{"count":1,"href":"https:\/\/www.caririemacao.com\/1\/wp-json\/wp\/v2\/posts\/82368\/revisions"}],"predecessor-version":[{"id":82370,"href":"https:\/\/www.caririemacao.com\/1\/wp-json\/wp\/v2\/posts\/82368\/revisions\/82370"}],"wp:featuredmedia":[{"embeddable":true,"href":"https:\/\/www.caririemacao.com\/1\/wp-json\/wp\/v2\/media\/82369"}],"wp:attachment":[{"href":"https:\/\/www.caririemacao.com\/1\/wp-json\/wp\/v2\/media?parent=82368"}],"wp:term":[{"taxonomy":"category","embeddable":true,"href":"https:\/\/www.caririemacao.com\/1\/wp-json\/wp\/v2\/categories?post=82368"},{"taxonomy":"post_tag","embeddable":true,"href":"https:\/\/www.caririemacao.com\/1\/wp-json\/wp\/v2\/tags?post=82368"}],"curies":[{"name":"wp","href":"https:\/\/api.w.org\/{rel}","templated":true}]}}