{"id":82378,"date":"2019-01-29T07:56:55","date_gmt":"2019-01-29T10:56:55","guid":{"rendered":"http:\/\/www.caririemacao.com\/1\/?p=82378"},"modified":"2019-01-29T07:56:58","modified_gmt":"2019-01-29T10:56:58","slug":"sao-joao-do-cariri-perde-posto-do-detran-para-serra-branca","status":"publish","type":"post","link":"https:\/\/www.caririemacao.com\/1\/2019\/01\/29\/sao-joao-do-cariri-perde-posto-do-detran-para-serra-branca\/","title":{"rendered":"S\u00e3o Jo\u00e3o do Cariri perde posto do Detran para Serra Branca"},"content":{"rendered":"\n<p>O diretor do Detran na Para\u00edba, Agamenon Vieira, confirmou que o posto de S\u00e3o Jo\u00e3o do Cariri ser\u00e1 mesmo relocado para Serra Branca. Segundo ele, uma Ciretran (Circunscri\u00e7\u00e3o Regional de Tr\u00e2nsito), posto mais avan\u00e7ado do Detran, ser\u00e1 instalado no munic\u00edpio e atender\u00e1 com maior qualidade a toda a popula\u00e7\u00e3o do Cariri.<\/p>\n\n\n\n<p>Agamenon explicou que a nova pol\u00edtica do \u00f3rg\u00e3o e do Governo do Estado \u00e9 desafogar as unidades do Detran dos maiores centros, levando postos avan\u00e7ados que fazem os mesmos servi\u00e7os para cidades polos em cada regi\u00e3o.<\/p>\n\n\n\n<p>Segundo o diretor, Serra Branca tem uma excelente localiza\u00e7\u00e3o geogr\u00e1fica e atender\u00e1 melhor a popula\u00e7\u00e3o de v\u00e1rios munic\u00edpios. Agamenon explicou que um local j\u00e1 est\u00e1 sendo providenciado e em breve a nova Ciretran ser\u00e1 entregue a popula\u00e7\u00e3o do Cariri.<\/p>\n\n\n\n<p><strong>Algumas atividades realizadas pelo CIRETRAN:<\/strong><\/p>\n\n\n\n<p>Consulta sobre multas recebidas;<\/p>\n\n\n\n<p>Consulta sobre pontos perdidos na Carteira Nacional de Habilita\u00e7\u00e3o (CNH);<\/p>\n\n\n\n<p>Informa\u00e7\u00f5es constantes do arquivo sobre os ve\u00edculos;<\/p>\n\n\n\n<p>Imposto sobre Propriedade de Ve\u00edculos Automotores (IPVA);<\/p>\n\n\n\n<p>Licenciamento de ve\u00edculos;<\/p>\n\n\n\n<p>Registro de ve\u00edculos automotores;<\/p>\n\n\n\n<p>Seguro Obrigat\u00f3rio (DPVAT);<\/p>\n\n\n\n<p>Emiss\u00e3o de Carteira Nacional de Habilita\u00e7\u00e3o (CNH);<\/p>\n\n\n\n<p>Apreens\u00e3o de CNH;EXC<\/p>\n\n\n\n<p>Apreens\u00e3o de ve\u00edculos (caminh\u00f5es, \u00f4nibus, motos, t\u00e1xis, vans de transporte escolar, etc.);<\/p>\n\n\n\n<p>Libera\u00e7\u00e3o de documentos e de ve\u00edculos.<\/p>\n\n\n\n<p><strong>DE OLHO NO CARIRI<\/strong><\/p>\n","protected":false},"excerpt":{"rendered":"<p>O diretor do Detran na Para\u00edba, Agamenon Vieira, confirmou que o posto de S\u00e3o Jo\u00e3o do Cariri ser\u00e1 mesmo relocado para Serra Branca. Segundo ele,&hellip; <\/p>\n","protected":false},"author":1,"featured_media":82379,"comment_status":"closed","ping_status":"closed","sticky":false,"template":"","format":"standard","meta":{"sfsi_plus_gutenberg_text_before_share":"","sfsi_plus_gutenberg_show_text_before_share":"","sfsi_plus_gutenberg_icon_type":"","sfsi_plus_gutenberg_icon_alignemt":"","sfsi_plus_gutenburg_max_per_row":"","footnotes":""},"categories":[6],"tags":[],"class_list":["post-82378","post","type-post","status-publish","format-standard","has-post-thumbnail","hentry","category-cidades"],"_links":{"self":[{"href":"https:\/\/www.caririemacao.com\/1\/wp-json\/wp\/v2\/posts\/82378","targetHints":{"allow":["GET"]}}],"collection":[{"href":"https:\/\/www.caririemacao.com\/1\/wp-json\/wp\/v2\/posts"}],"about":[{"href":"https:\/\/www.caririemacao.com\/1\/wp-json\/wp\/v2\/types\/post"}],"author":[{"embeddable":true,"href":"https:\/\/www.caririemacao.com\/1\/wp-json\/wp\/v2\/users\/1"}],"replies":[{"embeddable":true,"href":"https:\/\/www.caririemacao.com\/1\/wp-json\/wp\/v2\/comments?post=82378"}],"version-history":[{"count":1,"href":"https:\/\/www.caririemacao.com\/1\/wp-json\/wp\/v2\/posts\/82378\/revisions"}],"predecessor-version":[{"id":82380,"href":"https:\/\/www.caririemacao.com\/1\/wp-json\/wp\/v2\/posts\/82378\/revisions\/82380"}],"wp:featuredmedia":[{"embeddable":true,"href":"https:\/\/www.caririemacao.com\/1\/wp-json\/wp\/v2\/media\/82379"}],"wp:attachment":[{"href":"https:\/\/www.caririemacao.com\/1\/wp-json\/wp\/v2\/media?parent=82378"}],"wp:term":[{"taxonomy":"category","embeddable":true,"href":"https:\/\/www.caririemacao.com\/1\/wp-json\/wp\/v2\/categories?post=82378"},{"taxonomy":"post_tag","embeddable":true,"href":"https:\/\/www.caririemacao.com\/1\/wp-json\/wp\/v2\/tags?post=82378"}],"curies":[{"name":"wp","href":"https:\/\/api.w.org\/{rel}","templated":true}]}}