{"id":82393,"date":"2019-01-29T08:50:33","date_gmt":"2019-01-29T11:50:33","guid":{"rendered":"http:\/\/www.caririemacao.com\/1\/?p=82393"},"modified":"2019-01-29T08:50:36","modified_gmt":"2019-01-29T11:50:36","slug":"cientistas-descobrem-suposto-buraco-negro-do-tamanho-de-jupiter","status":"publish","type":"post","link":"https:\/\/www.caririemacao.com\/1\/2019\/01\/29\/cientistas-descobrem-suposto-buraco-negro-do-tamanho-de-jupiter\/","title":{"rendered":"Cientistas descobrem suposto buraco negro do tamanho de J\u00fapiter"},"content":{"rendered":"\n<p>Cientistas do Observat\u00f3rio Astron\u00f4mico Nacional do Jap\u00e3o (NAOJ) acreditam ter encontrado um buraco negro do tamanho de J\u00fapiter vagando pela Via L\u00e1ctea. Em entrevista \u00e0 &#8216;New Scientist&#8217;, os especialistas revelaram que foi identificado um comportamento incomum em torno de uma nuvem celestial que estava sendo rastreada.<\/p>\n\n\n\n<p>&#8220;Quando verifiquei dados pela primeira vez, fiquei muito animado porque o g\u00e1s observado mostrou movimentos orbitais, o que sugere um objeto massivo invis\u00edvel \u00e0 espreita&#8221;, informou Shunya Takekawa, astrof\u00edsico do NAOJ.<\/p>\n\n\n\n<p>Segundo o &#8216;Space.com&#8217;, os pesquisadores est\u00e3o observando duas nuvens celestes, chamadas de Bal\u00e3o e Fluxo. Ambas ficam a 26 mil anos-luz do centro da Via L\u00e1ctea. Normalmente, essas nuvens s\u00e3o formadas pela colis\u00e3o entre g\u00e1s e uma supernova ou outra nuvem celestial. Nestes casos, as nuvens se expandem e deixam um rastro em forma de V. No entanto, n\u00e3o foi isso o que aconteceu. Eles observaram que havia g\u00e1s orbitando um ponto central.<\/p>\n\n\n\n<p>Partindo dessa evid\u00eancia, os cientistas verificaram que o objeto que atrai o g\u00e1s tem 30 mil vezes a massa do Sol e o tamanho aproximado de J\u00fapiter. Assim, eles acreditam terem descoberto um buraco negro de massa intermedi\u00e1ria, que s\u00e3o raros. A maior parte dos buracos negros j\u00e1 encontrados \u00e9 pequena e \u00e9 produto de um colapso estelar ou de buracos negros supermassivos.<\/p>\n\n\n\n<p>Acredita-se haver mais dois buracos negros intermedi\u00e1rios pr\u00f3ximos ao centro da Via L\u00e1ctea. A exist\u00eancia do terceiro, contudo, ainda n\u00e3o \u00e9 certa.<\/p>\n","protected":false},"excerpt":{"rendered":"<p>Cientistas do Observat\u00f3rio Astron\u00f4mico Nacional do Jap\u00e3o (NAOJ) acreditam ter encontrado um buraco negro do tamanho de J\u00fapiter vagando pela Via L\u00e1ctea. Em entrevista \u00e0&hellip; <\/p>\n","protected":false},"author":1,"featured_media":82394,"comment_status":"closed","ping_status":"closed","sticky":false,"template":"","format":"standard","meta":{"sfsi_plus_gutenberg_text_before_share":"","sfsi_plus_gutenberg_show_text_before_share":"","sfsi_plus_gutenberg_icon_type":"","sfsi_plus_gutenberg_icon_alignemt":"","sfsi_plus_gutenburg_max_per_row":"","footnotes":""},"categories":[2],"tags":[],"class_list":["post-82393","post","type-post","status-publish","format-standard","has-post-thumbnail","hentry","category-geral"],"_links":{"self":[{"href":"https:\/\/www.caririemacao.com\/1\/wp-json\/wp\/v2\/posts\/82393","targetHints":{"allow":["GET"]}}],"collection":[{"href":"https:\/\/www.caririemacao.com\/1\/wp-json\/wp\/v2\/posts"}],"about":[{"href":"https:\/\/www.caririemacao.com\/1\/wp-json\/wp\/v2\/types\/post"}],"author":[{"embeddable":true,"href":"https:\/\/www.caririemacao.com\/1\/wp-json\/wp\/v2\/users\/1"}],"replies":[{"embeddable":true,"href":"https:\/\/www.caririemacao.com\/1\/wp-json\/wp\/v2\/comments?post=82393"}],"version-history":[{"count":1,"href":"https:\/\/www.caririemacao.com\/1\/wp-json\/wp\/v2\/posts\/82393\/revisions"}],"predecessor-version":[{"id":82395,"href":"https:\/\/www.caririemacao.com\/1\/wp-json\/wp\/v2\/posts\/82393\/revisions\/82395"}],"wp:featuredmedia":[{"embeddable":true,"href":"https:\/\/www.caririemacao.com\/1\/wp-json\/wp\/v2\/media\/82394"}],"wp:attachment":[{"href":"https:\/\/www.caririemacao.com\/1\/wp-json\/wp\/v2\/media?parent=82393"}],"wp:term":[{"taxonomy":"category","embeddable":true,"href":"https:\/\/www.caririemacao.com\/1\/wp-json\/wp\/v2\/categories?post=82393"},{"taxonomy":"post_tag","embeddable":true,"href":"https:\/\/www.caririemacao.com\/1\/wp-json\/wp\/v2\/tags?post=82393"}],"curies":[{"name":"wp","href":"https:\/\/api.w.org\/{rel}","templated":true}]}}