{"id":82396,"date":"2019-01-29T08:52:08","date_gmt":"2019-01-29T11:52:08","guid":{"rendered":"http:\/\/www.caririemacao.com\/1\/?p=82396"},"modified":"2019-01-29T08:52:11","modified_gmt":"2019-01-29T11:52:11","slug":"bolsonaro-esta-sob-observacao-medica-e-repouso-apos-sete-horas-de-cirurgia","status":"publish","type":"post","link":"https:\/\/www.caririemacao.com\/1\/2019\/01\/29\/bolsonaro-esta-sob-observacao-medica-e-repouso-apos-sete-horas-de-cirurgia\/","title":{"rendered":"Bolsonaro est\u00e1 sob observa\u00e7\u00e3o m\u00e9dica e repouso ap\u00f3s sete horas de cirurgia"},"content":{"rendered":"\n<p>O presidente Jair Bolsonaro passar\u00e1 o dia hoje (29) sob observa\u00e7\u00e3o m\u00e9dica e em repouso, ap\u00f3s sete horas de cirurgia no Hospital Albert Einstein. De acordo com o \u00faltimo boletim m\u00e9dico, ele est\u00e1&nbsp; &#8220;clinicamente est\u00e1vel, consciente, sem dor, recebendo medidas de suporte cl\u00ednico, preven\u00e7\u00e3o de infec\u00e7\u00e3o e de trombose venosa profunda&#8221;.<\/p>\n\n\n\n<p>Por 48 horas, Bolsonaro dever\u00e1 descansar, de acordo com as ordens m\u00e9dicas. Nesse per\u00edodo, o vice-presidente, Hamilton Mour\u00e3o, assume o exerc\u00edcio da Presid\u00eancia da Rep\u00fablica. Ele conduzir\u00e1 hoje a reuni\u00e3o ministerial que tratar\u00e1 sobre a trag\u00e9dia de Brumadinho, nos arredores de Belo Horizonte.<\/p>\n\n\n\n<p>A opera\u00e7\u00e3o de ontem (28) de Bolsonaro foi para reconstruir o tr\u00e2nsito intestinal e extensa lise de ader\u00eancias decorrentes das duas cirurgias anteriores, conforme o boletim. Durante o ato cir\u00fargico, foi feita uma uni\u00e3o do intestino delgado com o intestino grosso, segundo o hospital.<\/p>\n\n\n\n<p>O porta-voz da Presid\u00eancia da Rep\u00fablica, Ot\u00e1vio do R\u00eago Barros, disse que durante a cirurgia n\u00e3o houve intercorr\u00eancias nem necessidade de transfus\u00e3o de sangue. A opera\u00e7\u00e3o come\u00e7ou por volta das 7h e terminou em torno das 15h30. Bolsonaro deu entrada anteontem (27) no hospital.<\/p>\n\n\n\n<p>A previs\u00e3o \u00e9 que o presidente da Rep\u00fablica tenha alta m\u00e9dica em 10 dias.<\/p>\n","protected":false},"excerpt":{"rendered":"<p>O presidente Jair Bolsonaro passar\u00e1 o dia hoje (29) sob observa\u00e7\u00e3o m\u00e9dica e em repouso, ap\u00f3s sete horas de cirurgia no Hospital Albert Einstein. De&hellip; <\/p>\n","protected":false},"author":1,"featured_media":80739,"comment_status":"closed","ping_status":"closed","sticky":false,"template":"","format":"standard","meta":{"sfsi_plus_gutenberg_text_before_share":"","sfsi_plus_gutenberg_show_text_before_share":"","sfsi_plus_gutenberg_icon_type":"","sfsi_plus_gutenberg_icon_alignemt":"","sfsi_plus_gutenburg_max_per_row":"","footnotes":""},"categories":[11],"tags":[],"class_list":["post-82396","post","type-post","status-publish","format-standard","has-post-thumbnail","hentry","category-politica"],"_links":{"self":[{"href":"https:\/\/www.caririemacao.com\/1\/wp-json\/wp\/v2\/posts\/82396","targetHints":{"allow":["GET"]}}],"collection":[{"href":"https:\/\/www.caririemacao.com\/1\/wp-json\/wp\/v2\/posts"}],"about":[{"href":"https:\/\/www.caririemacao.com\/1\/wp-json\/wp\/v2\/types\/post"}],"author":[{"embeddable":true,"href":"https:\/\/www.caririemacao.com\/1\/wp-json\/wp\/v2\/users\/1"}],"replies":[{"embeddable":true,"href":"https:\/\/www.caririemacao.com\/1\/wp-json\/wp\/v2\/comments?post=82396"}],"version-history":[{"count":1,"href":"https:\/\/www.caririemacao.com\/1\/wp-json\/wp\/v2\/posts\/82396\/revisions"}],"predecessor-version":[{"id":82397,"href":"https:\/\/www.caririemacao.com\/1\/wp-json\/wp\/v2\/posts\/82396\/revisions\/82397"}],"wp:featuredmedia":[{"embeddable":true,"href":"https:\/\/www.caririemacao.com\/1\/wp-json\/wp\/v2\/media\/80739"}],"wp:attachment":[{"href":"https:\/\/www.caririemacao.com\/1\/wp-json\/wp\/v2\/media?parent=82396"}],"wp:term":[{"taxonomy":"category","embeddable":true,"href":"https:\/\/www.caririemacao.com\/1\/wp-json\/wp\/v2\/categories?post=82396"},{"taxonomy":"post_tag","embeddable":true,"href":"https:\/\/www.caririemacao.com\/1\/wp-json\/wp\/v2\/tags?post=82396"}],"curies":[{"name":"wp","href":"https:\/\/api.w.org\/{rel}","templated":true}]}}