{"id":82398,"date":"2019-01-29T08:54:11","date_gmt":"2019-01-29T11:54:11","guid":{"rendered":"http:\/\/www.caririemacao.com\/1\/?p=82398"},"modified":"2019-01-29T08:54:14","modified_gmt":"2019-01-29T11:54:14","slug":"caixa-abre-conta-para-doacoes-e-libera-fgts-para-vitimas-de-brumadinho","status":"publish","type":"post","link":"https:\/\/www.caririemacao.com\/1\/2019\/01\/29\/caixa-abre-conta-para-doacoes-e-libera-fgts-para-vitimas-de-brumadinho\/","title":{"rendered":"Caixa abre conta para doa\u00e7\u00f5es e libera FGTS para v\u00edtimas de Brumadinho"},"content":{"rendered":"\n<p>Os trabalhadores que tiveram suas casas afetadas pela trag\u00e9dia de Brumadinho (MG) poder\u00e3o solicitar o saque do Fundo de Garantia do Tempo de Servi\u00e7o (FGTS). A medida, anunciada nesta tarde (28) pela Caixa Econ\u00f4mica Federal, atende a Lei Federal 10.878\/2004.&nbsp;<\/p>\n\n\n\n<p>O limite m\u00e1ximo para a retirada ser\u00e1 de R$ 6.220. O banco tamb\u00e9m informou a abertura de uma conta poupan\u00e7a, com nome Juntos por Brumadinho, para receber doa\u00e7\u00f5es. Os dados para realizar dep\u00f3sitos e transfer\u00eancias \u00e9 Ag\u00eancia 2808, Opera\u00e7\u00e3o 013, Conta 3-5.<\/p>\n\n\n\n<p>De acordo com os \u00faltimos dados divulgados pelo Corpo de Bombeiros de Minas Gerais, j\u00e1 s\u00e3o 60 mortos em decorr\u00eancia do rompimento da barragem ocorrido na \u00faltima sexta-feira (25) na Mina Feij\u00e3o, pertencente \u00e0 mineradora Vale. Est\u00e3o desaparecidas 292 pessoas. Ainda n\u00e3o foram divulgados n\u00fameros ou estimativa de desalojados.<\/p>\n\n\n\n<p><strong>FGTS<\/strong><\/p>\n\n\n\n<p>A Lei Federal 10.878\/2004 assegura o direito ao saque de parcela do FGTS em caso de &#8220;necessidade pessoal, cuja urg\u00eancia e gravidade decorra de desastre natural&#8221;. Em novembro de 2015, a ent\u00e3o presidente Dilma Rousseff editou o Decreto 8.572\/2015, incluindo entre as situa\u00e7\u00f5es pass\u00edveis de retirada dos valores os casos de &#8220;rompimento ou colapso de barragens que ocasione movimento de massa, com danos a unidades residenciais&#8221;. A mudan\u00e7a foi institu\u00edda oito dias ap\u00f3s a trag\u00e9dia de Mariana (MG). Na ocasi\u00e3o, sua publica\u00e7\u00e3o se deu em benef\u00edcio dos atingidos pelo rompimento da barragem da mineradora Samarco, que devastou comunidades inteiras.<\/p>\n\n\n\n<p>A Caixa anunciou ainda outras medidas em apoio \u00e0 popula\u00e7\u00e3o de Brumadinho (MG). Para os clientes do munic\u00edpio, ser\u00e1 concedida pausa especial de pagamento at\u00e9 90 dias nas opera\u00e7\u00f5es de cr\u00e9dito pessoal e cr\u00e9dito direto ao consumidor, al\u00e9m de at\u00e9 60 dias de car\u00eancia para a primeira parcela em novos contratos. &#8220;Haver\u00e1 isen\u00e7\u00e3o de tr\u00eas meses tamb\u00e9m nas tarifas da cesta servi\u00e7os para os correntistas&#8221;, diz o comunicado do banco.<\/p>\n\n\n\n<p>Foi informado ainda que o vencimento das presta\u00e7\u00f5es do financiamento imobili\u00e1rio ficar\u00e1 suspenso por 90 dias. Para as empresas, ser\u00e1 concedida pausa de at\u00e9 tr\u00eas meses para pagamento das parcelas das opera\u00e7\u00f5es de cr\u00e9dito.<\/p>\n","protected":false},"excerpt":{"rendered":"<p>Os trabalhadores que tiveram suas casas afetadas pela trag\u00e9dia de Brumadinho (MG) poder\u00e3o solicitar o saque do Fundo de Garantia do Tempo de Servi\u00e7o (FGTS).&hellip; <\/p>\n","protected":false},"author":1,"featured_media":41291,"comment_status":"closed","ping_status":"closed","sticky":false,"template":"","format":"standard","meta":{"sfsi_plus_gutenberg_text_before_share":"","sfsi_plus_gutenberg_show_text_before_share":"","sfsi_plus_gutenberg_icon_type":"","sfsi_plus_gutenberg_icon_alignemt":"","sfsi_plus_gutenburg_max_per_row":"","footnotes":""},"categories":[2],"tags":[],"class_list":["post-82398","post","type-post","status-publish","format-standard","has-post-thumbnail","hentry","category-geral"],"_links":{"self":[{"href":"https:\/\/www.caririemacao.com\/1\/wp-json\/wp\/v2\/posts\/82398","targetHints":{"allow":["GET"]}}],"collection":[{"href":"https:\/\/www.caririemacao.com\/1\/wp-json\/wp\/v2\/posts"}],"about":[{"href":"https:\/\/www.caririemacao.com\/1\/wp-json\/wp\/v2\/types\/post"}],"author":[{"embeddable":true,"href":"https:\/\/www.caririemacao.com\/1\/wp-json\/wp\/v2\/users\/1"}],"replies":[{"embeddable":true,"href":"https:\/\/www.caririemacao.com\/1\/wp-json\/wp\/v2\/comments?post=82398"}],"version-history":[{"count":1,"href":"https:\/\/www.caririemacao.com\/1\/wp-json\/wp\/v2\/posts\/82398\/revisions"}],"predecessor-version":[{"id":82399,"href":"https:\/\/www.caririemacao.com\/1\/wp-json\/wp\/v2\/posts\/82398\/revisions\/82399"}],"wp:featuredmedia":[{"embeddable":true,"href":"https:\/\/www.caririemacao.com\/1\/wp-json\/wp\/v2\/media\/41291"}],"wp:attachment":[{"href":"https:\/\/www.caririemacao.com\/1\/wp-json\/wp\/v2\/media?parent=82398"}],"wp:term":[{"taxonomy":"category","embeddable":true,"href":"https:\/\/www.caririemacao.com\/1\/wp-json\/wp\/v2\/categories?post=82398"},{"taxonomy":"post_tag","embeddable":true,"href":"https:\/\/www.caririemacao.com\/1\/wp-json\/wp\/v2\/tags?post=82398"}],"curies":[{"name":"wp","href":"https:\/\/api.w.org\/{rel}","templated":true}]}}