{"id":82401,"date":"2019-01-29T09:17:09","date_gmt":"2019-01-29T12:17:09","guid":{"rendered":"http:\/\/www.caririemacao.com\/1\/?p=82401"},"modified":"2019-01-29T09:17:13","modified_gmt":"2019-01-29T12:17:13","slug":"tce-ira-garantir-que-municipios-deem-auxilio-as-familias-carentes-na-construcao-de-moradias","status":"publish","type":"post","link":"https:\/\/www.caririemacao.com\/1\/2019\/01\/29\/tce-ira-garantir-que-municipios-deem-auxilio-as-familias-carentes-na-construcao-de-moradias\/","title":{"rendered":"TCE ir\u00e1 garantir que munic\u00edpios deem aux\u00edlio \u00e0s fam\u00edlias carentes na constru\u00e7\u00e3o de moradias"},"content":{"rendered":"\n<p>O novo presidente do Tribunal de Contas do Estado da Para\u00edba, Arn\u00f3bio Viana, declarou, em entrevista ao programa Frente a Frente nesta segunda-feira (28), que um dos focos do seu mandato ser\u00e1 garantir que os munic\u00edpios cumpram o Estatuto das Cidades que prev\u00ea, entre outros pontos, o aux\u00edlio dos poderes p\u00fablicos \u00e0s fam\u00edlias carentes na constru\u00e7\u00e3o de suas moradias.<\/p>\n\n\n\n<p>\u201cEsse \u00e9 o meu sonho. N\u00f3s vamos come\u00e7ar na regi\u00e3o dos munic\u00edpios que integram o circuito do frio e vamos levar todo o conhecimento que o Tribunal tem da legisla\u00e7\u00e3o para que os prefeitos se unam em forma de cons\u00f3rcio e, nesse cons\u00f3rcio, cada prefeitura ir\u00e1 dar uma ajuda para contratar urbanistas\u201d, explicou o presidente do TCE.Publicidade<\/p>\n\n\n\n<p>A Lei 11.888\/2008, o Estatuto das Cidades, assegura \u00e0s fam\u00edlias de baixa renda assist\u00eancia t\u00e9cnica p\u00fablica e gratuita para o projeto e a constru\u00e7\u00e3o de habita\u00e7\u00e3o de interesse social. Na pr\u00e1tica, a lei significa a cria\u00e7\u00e3o de um sistema de financiamento p\u00fablico para a remunera\u00e7\u00e3o do trabalho de arquitetos, urbanistas e engenheiros envolvidos no projeto e nas obras da habita\u00e7\u00e3o para a popula\u00e7\u00e3o de baixa renda, com renda mensal de at\u00e9 tr\u00eas sal\u00e1rios m\u00ednimos.<\/p>\n","protected":false},"excerpt":{"rendered":"<p>O novo presidente do Tribunal de Contas do Estado da Para\u00edba, Arn\u00f3bio Viana, declarou, em entrevista ao programa Frente a Frente nesta segunda-feira (28), que&hellip; <\/p>\n","protected":false},"author":1,"featured_media":47596,"comment_status":"closed","ping_status":"closed","sticky":false,"template":"","format":"standard","meta":{"sfsi_plus_gutenberg_text_before_share":"","sfsi_plus_gutenberg_show_text_before_share":"","sfsi_plus_gutenberg_icon_type":"","sfsi_plus_gutenberg_icon_alignemt":"","sfsi_plus_gutenburg_max_per_row":"","footnotes":""},"categories":[11],"tags":[],"class_list":["post-82401","post","type-post","status-publish","format-standard","has-post-thumbnail","hentry","category-politica"],"_links":{"self":[{"href":"https:\/\/www.caririemacao.com\/1\/wp-json\/wp\/v2\/posts\/82401","targetHints":{"allow":["GET"]}}],"collection":[{"href":"https:\/\/www.caririemacao.com\/1\/wp-json\/wp\/v2\/posts"}],"about":[{"href":"https:\/\/www.caririemacao.com\/1\/wp-json\/wp\/v2\/types\/post"}],"author":[{"embeddable":true,"href":"https:\/\/www.caririemacao.com\/1\/wp-json\/wp\/v2\/users\/1"}],"replies":[{"embeddable":true,"href":"https:\/\/www.caririemacao.com\/1\/wp-json\/wp\/v2\/comments?post=82401"}],"version-history":[{"count":1,"href":"https:\/\/www.caririemacao.com\/1\/wp-json\/wp\/v2\/posts\/82401\/revisions"}],"predecessor-version":[{"id":82402,"href":"https:\/\/www.caririemacao.com\/1\/wp-json\/wp\/v2\/posts\/82401\/revisions\/82402"}],"wp:featuredmedia":[{"embeddable":true,"href":"https:\/\/www.caririemacao.com\/1\/wp-json\/wp\/v2\/media\/47596"}],"wp:attachment":[{"href":"https:\/\/www.caririemacao.com\/1\/wp-json\/wp\/v2\/media?parent=82401"}],"wp:term":[{"taxonomy":"category","embeddable":true,"href":"https:\/\/www.caririemacao.com\/1\/wp-json\/wp\/v2\/categories?post=82401"},{"taxonomy":"post_tag","embeddable":true,"href":"https:\/\/www.caririemacao.com\/1\/wp-json\/wp\/v2\/tags?post=82401"}],"curies":[{"name":"wp","href":"https:\/\/api.w.org\/{rel}","templated":true}]}}