{"id":82404,"date":"2019-01-29T09:21:39","date_gmt":"2019-01-29T12:21:39","guid":{"rendered":"http:\/\/www.caririemacao.com\/1\/?p=82404"},"modified":"2019-01-29T09:21:42","modified_gmt":"2019-01-29T12:21:42","slug":"joao-azevedo-lanca-6o-edital-para-celebracao-de-acordos-diretos-de-precatorios","status":"publish","type":"post","link":"https:\/\/www.caririemacao.com\/1\/2019\/01\/29\/joao-azevedo-lanca-6o-edital-para-celebracao-de-acordos-diretos-de-precatorios\/","title":{"rendered":"Jo\u00e3o Azev\u00eado lan\u00e7a 6\u00ba edital para celebra\u00e7\u00e3o de acordos diretos de precat\u00f3rios"},"content":{"rendered":"\n<p>O governador Jo\u00e3o Azev\u00eado lan\u00e7a nesta ter\u00e7a-feira (29), \u00e0s 10h, no Pal\u00e1cio da Reden\u00e7\u00e3o, o sexto edital de convoca\u00e7\u00e3o de credores para celebra\u00e7\u00e3o de acordos diretos de precat\u00f3rios. Desta vez, poder\u00e3o ser negociadas as d\u00edvidas inscritas no ano de 2013.<\/p>\n\n\n\n<p>Durante a solenidade, tamb\u00e9m ser\u00e3o homologados os processos de 696 credores que celebraram acordos diretos na Procuradoria Geral do Estado (PGE) para receberem precat\u00f3rios inscritos no ano de 2012, or\u00e7ados em R$ 93,8 milh\u00f5es, cujos valores para quita\u00e7\u00e3o, ap\u00f3s dedu\u00e7\u00e3o do des\u00e1gio de 40%, resultaram em R$ 56,2 milh\u00f5es, j\u00e1 repassados pelo Governo do Estado ao TJPB para o pagamento, tendo como principais benefici\u00e1rios professores, aposentados e servidores da Suplan, gerando uma economia de R$ 37,5 milh\u00f5es para os cofres do Estado.<\/p>\n","protected":false},"excerpt":{"rendered":"<p>O governador Jo\u00e3o Azev\u00eado lan\u00e7a nesta ter\u00e7a-feira (29), \u00e0s 10h, no Pal\u00e1cio da Reden\u00e7\u00e3o, o sexto edital de convoca\u00e7\u00e3o de credores para celebra\u00e7\u00e3o de acordos&hellip; <\/p>\n","protected":false},"author":1,"featured_media":81628,"comment_status":"closed","ping_status":"closed","sticky":false,"template":"","format":"standard","meta":{"sfsi_plus_gutenberg_text_before_share":"","sfsi_plus_gutenberg_show_text_before_share":"","sfsi_plus_gutenberg_icon_type":"","sfsi_plus_gutenberg_icon_alignemt":"","sfsi_plus_gutenburg_max_per_row":"","footnotes":""},"categories":[11],"tags":[],"class_list":["post-82404","post","type-post","status-publish","format-standard","has-post-thumbnail","hentry","category-politica"],"_links":{"self":[{"href":"https:\/\/www.caririemacao.com\/1\/wp-json\/wp\/v2\/posts\/82404","targetHints":{"allow":["GET"]}}],"collection":[{"href":"https:\/\/www.caririemacao.com\/1\/wp-json\/wp\/v2\/posts"}],"about":[{"href":"https:\/\/www.caririemacao.com\/1\/wp-json\/wp\/v2\/types\/post"}],"author":[{"embeddable":true,"href":"https:\/\/www.caririemacao.com\/1\/wp-json\/wp\/v2\/users\/1"}],"replies":[{"embeddable":true,"href":"https:\/\/www.caririemacao.com\/1\/wp-json\/wp\/v2\/comments?post=82404"}],"version-history":[{"count":1,"href":"https:\/\/www.caririemacao.com\/1\/wp-json\/wp\/v2\/posts\/82404\/revisions"}],"predecessor-version":[{"id":82405,"href":"https:\/\/www.caririemacao.com\/1\/wp-json\/wp\/v2\/posts\/82404\/revisions\/82405"}],"wp:featuredmedia":[{"embeddable":true,"href":"https:\/\/www.caririemacao.com\/1\/wp-json\/wp\/v2\/media\/81628"}],"wp:attachment":[{"href":"https:\/\/www.caririemacao.com\/1\/wp-json\/wp\/v2\/media?parent=82404"}],"wp:term":[{"taxonomy":"category","embeddable":true,"href":"https:\/\/www.caririemacao.com\/1\/wp-json\/wp\/v2\/categories?post=82404"},{"taxonomy":"post_tag","embeddable":true,"href":"https:\/\/www.caririemacao.com\/1\/wp-json\/wp\/v2\/tags?post=82404"}],"curies":[{"name":"wp","href":"https:\/\/api.w.org\/{rel}","templated":true}]}}