{"id":82406,"date":"2019-01-29T09:24:26","date_gmt":"2019-01-29T12:24:26","guid":{"rendered":"http:\/\/www.caririemacao.com\/1\/?p=82406"},"modified":"2019-01-29T09:24:29","modified_gmt":"2019-01-29T12:24:29","slug":"chuvas-e-ventos-no-ne-fortes-fazem-estragos-em-recife-arcoverde-e-no-sertao-do-pajeu","status":"publish","type":"post","link":"https:\/\/www.caririemacao.com\/1\/2019\/01\/29\/chuvas-e-ventos-no-ne-fortes-fazem-estragos-em-recife-arcoverde-e-no-sertao-do-pajeu\/","title":{"rendered":"Chuvas e ventos no NE fortes fazem estragos em Recife, Arcoverde e no Sert\u00e3o do Paje\u00fa"},"content":{"rendered":"\n<p>Pernambuco teve uma segunda-feira (28) at\u00edpica do litoral ao Sert\u00e3o do Estado com estragos de toda \u00e0 parte provocados por fortes chuvas e ventanias que, em Arcoverde, por exemplo, arrancaram \u00e1rvores e telhados, e no Recife provocou em apenas 3 horas precipita\u00e7\u00e3o de chuvas que equivale a 21 dias da m\u00e9dia hist\u00f3rica de janeiro. Alagamentos, queda de arvores e tr\u00e2nsito complicado marcaram o dia na capital pernambucana.<br><\/p>\n\n\n\n<figure class=\"wp-block-image\"><a href=\"https:\/\/3.bp.blogspot.com\/--dP7QFw1gFs\/XE-bKeZs2TI\/AAAAAAAAXaw\/MvSmFNOlUnkaDmjt2Rl5MzP1WLv8zOGWQCLcBGAs\/s1600\/IMG-20190128-WA0057.jpg\"><img decoding=\"async\" data-src=\"https:\/\/3.bp.blogspot.com\/--dP7QFw1gFs\/XE-bKeZs2TI\/AAAAAAAAXaw\/MvSmFNOlUnkaDmjt2Rl5MzP1WLv8zOGWQCLcBGAs\/s200\/IMG-20190128-WA0057.jpg\" alt=\"IMG-20190128-WA0057\" src=\"data:image\/svg+xml;base64,PHN2ZyB3aWR0aD0iMSIgaGVpZ2h0PSIxIiB4bWxucz0iaHR0cDovL3d3dy53My5vcmcvMjAwMC9zdmciPjwvc3ZnPg==\" class=\"lazyload\" \/><\/a><\/figure>\n\n\n\n<p>Por volta das 13h, uma forte ventania vinda do litoral saiu varrendo a cidade de Arcoverde depois de provocar v\u00e1rios danos em cidades do Agreste, a exemplo de Pesqueira, derrubando \u00e1rvores, arrancando telhados, placas e cobertas de postos de combust\u00edveis. No bairro S\u00e3o Francisco, antigo Conjunto Novo Arcoverde, a ventania arrancou toda a coberta da quadra poliesportiva da comunidade lan\u00e7ando as telhas sobre a rua e casas.<br>A ventania tamb\u00e9m arrancou placas de fachadas de lojas no bairro do S\u00e3o Crist\u00f3v\u00e3o, S\u00e3o Miguel, al\u00e9m de provocar a queda de \u00e1rvores na Rua 1\u00ba de Setembro, paralela a Rua Alfredo de Souza Padilha, e na sede da 6\u00aa Ciretran, aonde um ve\u00edculo foi atingido. No Corredor da Integra\u00e7\u00e3o, a ventania derrubou parte de outdoors localizados ao longo da via. No in\u00edcio da Avenida Conselheiro Jo\u00e3o Alfredo a ventania dafinicou um dos postos de ilumina\u00e7\u00e3o. E ainda no S\u00e3o Crist\u00f3v\u00e3o, danificou coberta de um posto de combust\u00edveis.<\/p>\n\n\n\n<figure class=\"wp-block-image\"><img decoding=\"async\" data-src=\"https:\/\/1.bp.blogspot.com\/-r7ziG6CvwrI\/XE-hTUrzOXI\/AAAAAAAAXbI\/uUuFHhrWwLEnApt5aXGPh0oRvVCNNJx4QCLcBGAs\/s640\/50755922_943072295817217_8896803056042115072_n.jpg\" alt=\"50755922_943072295817217_8896803056042115072_n\" src=\"data:image\/svg+xml;base64,PHN2ZyB3aWR0aD0iMSIgaGVpZ2h0PSIxIiB4bWxucz0iaHR0cDovL3d3dy53My5vcmcvMjAwMC9zdmciPjwvc3ZnPg==\" class=\"lazyload\" \/><\/figure>\n\n\n\n<p>J\u00e1 no Sert\u00e3o do Paje\u00fa, a ventania saiu provocando estragos com telhados e cobertas foram arrancadas, assim como placas de sinaliza\u00e7\u00e3o de empresas e lojas. Em Afogados da Ingazeira, ventos fortes assustaram e causaram preju\u00edzos em \u00e1reas da cidade. No acesso \u00e0 cidade, a for\u00e7a da ventania arrancou \u00e1rvores. O port\u00e3o da ag\u00eancia dos Correios na cidade cedeu, bem como o port\u00e3o principal do acesso da Associa\u00e7\u00e3o Atl\u00e9tica do Banco do Brasil \u2013AABB e a fachada de uma panificadora foi literalmente arrancada.<br>Segundo informa\u00e7\u00f5es, chuvas fortes com ventania ou apenas o segundo fen\u00f4meno natural foram registrados em v\u00e1rias \u00e1reas do Nordeste, principalmente nos estados de Pernambuco e Para\u00edba. Em Campina Grande, segundo o coordenador da Defesa Civil, Ruiter Sans\u00e3o, a chuva causou diversos estragos pela cidade, mas sem registro de feridos. Parte do teto das arquibancadas do est\u00e1dio do Campinense, o Renat\u00e3o, desabou. Ainda de acordo com a Defesa Civil, os ventos marcaram 60 km\/h.<\/p>\n","protected":false},"excerpt":{"rendered":"<p>Pernambuco teve uma segunda-feira (28) at\u00edpica do litoral ao Sert\u00e3o do Estado com estragos de toda \u00e0 parte provocados por fortes chuvas e ventanias que,&hellip; <\/p>\n","protected":false},"author":1,"featured_media":82407,"comment_status":"closed","ping_status":"closed","sticky":false,"template":"","format":"standard","meta":{"sfsi_plus_gutenberg_text_before_share":"","sfsi_plus_gutenberg_show_text_before_share":"","sfsi_plus_gutenberg_icon_type":"","sfsi_plus_gutenberg_icon_alignemt":"","sfsi_plus_gutenburg_max_per_row":"","footnotes":""},"categories":[6],"tags":[],"class_list":["post-82406","post","type-post","status-publish","format-standard","has-post-thumbnail","hentry","category-cidades"],"_links":{"self":[{"href":"https:\/\/www.caririemacao.com\/1\/wp-json\/wp\/v2\/posts\/82406","targetHints":{"allow":["GET"]}}],"collection":[{"href":"https:\/\/www.caririemacao.com\/1\/wp-json\/wp\/v2\/posts"}],"about":[{"href":"https:\/\/www.caririemacao.com\/1\/wp-json\/wp\/v2\/types\/post"}],"author":[{"embeddable":true,"href":"https:\/\/www.caririemacao.com\/1\/wp-json\/wp\/v2\/users\/1"}],"replies":[{"embeddable":true,"href":"https:\/\/www.caririemacao.com\/1\/wp-json\/wp\/v2\/comments?post=82406"}],"version-history":[{"count":1,"href":"https:\/\/www.caririemacao.com\/1\/wp-json\/wp\/v2\/posts\/82406\/revisions"}],"predecessor-version":[{"id":82408,"href":"https:\/\/www.caririemacao.com\/1\/wp-json\/wp\/v2\/posts\/82406\/revisions\/82408"}],"wp:featuredmedia":[{"embeddable":true,"href":"https:\/\/www.caririemacao.com\/1\/wp-json\/wp\/v2\/media\/82407"}],"wp:attachment":[{"href":"https:\/\/www.caririemacao.com\/1\/wp-json\/wp\/v2\/media?parent=82406"}],"wp:term":[{"taxonomy":"category","embeddable":true,"href":"https:\/\/www.caririemacao.com\/1\/wp-json\/wp\/v2\/categories?post=82406"},{"taxonomy":"post_tag","embeddable":true,"href":"https:\/\/www.caririemacao.com\/1\/wp-json\/wp\/v2\/tags?post=82406"}],"curies":[{"name":"wp","href":"https:\/\/api.w.org\/{rel}","templated":true}]}}