{"id":82409,"date":"2019-01-29T09:30:48","date_gmt":"2019-01-29T12:30:48","guid":{"rendered":"http:\/\/www.caririemacao.com\/1\/?p=82409"},"modified":"2019-01-29T09:30:50","modified_gmt":"2019-01-29T12:30:50","slug":"ministerio-da-saude-quer-encarecer-preco-de-refrigerantes","status":"publish","type":"post","link":"https:\/\/www.caririemacao.com\/1\/2019\/01\/29\/ministerio-da-saude-quer-encarecer-preco-de-refrigerantes\/","title":{"rendered":"Minist\u00e9rio da Sa\u00fade quer encarecer pre\u00e7o de refrigerantes"},"content":{"rendered":"\n<p>O Minist\u00e9rio da Sa\u00fade (MS) pediu \u00e0 Receita Federal um aumento no imposto para taxar refrigerantes e outras bebidas doces. A medida, que est\u00e1 sob a an\u00e1lise do fisco, visa diminuir os percentuais de obesidade na popula\u00e7\u00e3o do pa\u00eds.<\/p>\n\n\n\n<p>A Organiza\u00e7\u00e3o Mundial de Sa\u00fade (OMS) recomenda que as bebidas fiquem 20% mais caras para desestimular o consumo, uma vez que a obesidade j\u00e1 est\u00e1 associada a v\u00e1rios tipos de doen\u00e7as como diabetes, c\u00e2ncer e problemas cardiovasculares. Se uma latinha de refrigerante custa R$ 4, com o aumenta da taxa ela passaria para R$ 4,80.<\/p>\n\n\n\n<p>A Coca-Cola, maior fabricante desse tipo de bebida no pa\u00eds, \u00e9 contra a medida. A empresa defende a ado\u00e7\u00e3o de outras medidas para a redu\u00e7\u00e3o da obesidade. A Associa\u00e7\u00e3o Brasileiras das Ind\u00fastrias de Refrigerantes (ABIR) tamb\u00e9m demonstrou ser desfavor\u00e1vel, alegando que \u201cimposto n\u00e3o fabrica sa\u00fade\u201d.<\/p>\n\n\n\n<p>J\u00e1 a Associa\u00e7\u00e3o dos Fabricantes de Refrigerantes do Brasil (Afrebras) disse ser favor\u00e1vel desde que a eleva\u00e7\u00e3o seja igual para todos, inclusive os que n\u00e3o recebem incentivos fiscais regionais.<\/p>\n\n\n\n<p>O pedido para o aumento tribut\u00e1rio das bebidas a\u00e7ucaradas, ou com ado\u00e7antes, foi feito ainda na gest\u00e3o do ex-ministro Ricardo Barros, e o atual ministro, Luiz Mandetta, j\u00e1 sinalizou que n\u00e3o&nbsp;ir\u00e1 interferir em processos que est\u00e3o em andamento.<\/p>\n\n\n\n<p>Em 2017, a Receita deu sinal verde para um pedido semelhante, s\u00f3 que feito pelo Conselho Nacional da Sa\u00fade. O \u00f3rg\u00e3o concordou em aumentar a taxa para 10% e diminuir os incentivos fiscais. A decis\u00e3o sobre aumentar ou n\u00e3o o imposto&nbsp;vai ficar a cargo do Minist\u00e9rio da Economia, que ainda n\u00e3o se manifestou a respeito.<\/p>\n\n\n\n<p>Portal Uol<\/p>\n","protected":false},"excerpt":{"rendered":"<p>O Minist\u00e9rio da Sa\u00fade (MS) pediu \u00e0 Receita Federal um aumento no imposto para taxar refrigerantes e outras bebidas doces. A medida, que est\u00e1 sob&hellip; <\/p>\n","protected":false},"author":1,"featured_media":25726,"comment_status":"closed","ping_status":"closed","sticky":false,"template":"","format":"standard","meta":{"sfsi_plus_gutenberg_text_before_share":"","sfsi_plus_gutenberg_show_text_before_share":"","sfsi_plus_gutenberg_icon_type":"","sfsi_plus_gutenberg_icon_alignemt":"","sfsi_plus_gutenburg_max_per_row":"","footnotes":""},"categories":[16],"tags":[],"class_list":["post-82409","post","type-post","status-publish","format-standard","has-post-thumbnail","hentry","category-saude"],"_links":{"self":[{"href":"https:\/\/www.caririemacao.com\/1\/wp-json\/wp\/v2\/posts\/82409","targetHints":{"allow":["GET"]}}],"collection":[{"href":"https:\/\/www.caririemacao.com\/1\/wp-json\/wp\/v2\/posts"}],"about":[{"href":"https:\/\/www.caririemacao.com\/1\/wp-json\/wp\/v2\/types\/post"}],"author":[{"embeddable":true,"href":"https:\/\/www.caririemacao.com\/1\/wp-json\/wp\/v2\/users\/1"}],"replies":[{"embeddable":true,"href":"https:\/\/www.caririemacao.com\/1\/wp-json\/wp\/v2\/comments?post=82409"}],"version-history":[{"count":1,"href":"https:\/\/www.caririemacao.com\/1\/wp-json\/wp\/v2\/posts\/82409\/revisions"}],"predecessor-version":[{"id":82410,"href":"https:\/\/www.caririemacao.com\/1\/wp-json\/wp\/v2\/posts\/82409\/revisions\/82410"}],"wp:featuredmedia":[{"embeddable":true,"href":"https:\/\/www.caririemacao.com\/1\/wp-json\/wp\/v2\/media\/25726"}],"wp:attachment":[{"href":"https:\/\/www.caririemacao.com\/1\/wp-json\/wp\/v2\/media?parent=82409"}],"wp:term":[{"taxonomy":"category","embeddable":true,"href":"https:\/\/www.caririemacao.com\/1\/wp-json\/wp\/v2\/categories?post=82409"},{"taxonomy":"post_tag","embeddable":true,"href":"https:\/\/www.caririemacao.com\/1\/wp-json\/wp\/v2\/tags?post=82409"}],"curies":[{"name":"wp","href":"https:\/\/api.w.org\/{rel}","templated":true}]}}