{"id":82411,"date":"2019-01-29T10:16:37","date_gmt":"2019-01-29T13:16:37","guid":{"rendered":"http:\/\/www.caririemacao.com\/1\/?p=82411"},"modified":"2019-01-29T10:16:40","modified_gmt":"2019-01-29T13:16:40","slug":"corpo-de-professor-paraibano-e-encontrado-em-estado-de-decomposicao-em-roraima","status":"publish","type":"post","link":"https:\/\/www.caririemacao.com\/1\/2019\/01\/29\/corpo-de-professor-paraibano-e-encontrado-em-estado-de-decomposicao-em-roraima\/","title":{"rendered":"Corpo de professor Paraibano \u00e9 encontrado em estado de decomposi\u00e7\u00e3o, em Roraima"},"content":{"rendered":"\n<p>Um corpo em avan\u00e7ado estado de decomposi\u00e7\u00e3o foi encontrado em uma regi\u00e3o de ch\u00e1caras a cinco quil\u00f4metros da rotat\u00f3ria do bairro Cidade Sat\u00e9lite, no sentido da RR-205.<\/p>\n\n\n\n<p>A localiza\u00e7\u00e3o ocorreu por volta das 17h40 desta segunda-feira (28), e ao lado do cad\u00e1ver, que aparenta ser do sexo masculino, policiais militares encontraram os documentos do professor Gilson Ramalho, de 52 anos que \u00e9 natural da cidade de Concei\u00e7\u00e3o (PB).<\/p>\n\n\n\n<p>A pol\u00edcia acredita que a v\u00edtima seja realmente ele, que est\u00e1 desaparecido desde 14 de janeiro.<\/p>\n\n\n\n<div class=\"wp-block-image\"><figure class=\"aligncenter\"><img decoding=\"async\" data-src=\"http:\/\/hora1pb.com.br\/wp-content\/uploads\/2019\/01\/0BA8C3EE-C5BD-4FAB-949A-A2740203A474.jpeg\" alt=\"\" class=\"wp-image-12766 lazyload\" src=\"data:image\/svg+xml;base64,PHN2ZyB3aWR0aD0iMSIgaGVpZ2h0PSIxIiB4bWxucz0iaHR0cDovL3d3dy53My5vcmcvMjAwMC9zdmciPjwvc3ZnPg==\" \/><\/figure><\/div>\n\n\n\n<p>O corpo foi removido pelo Instituto de Medicina Legal (IML) e ir\u00e1 passar por exames para a confirma\u00e7\u00e3o da identidade. A ocorr\u00eancia foi entregue no 3\u00ba Distrito Policial (3\u00ba DP). Em contato com os policiais que est\u00e3o \u00e0 frente das investiga\u00e7\u00f5es, a reportagem apurou que ainda n\u00e3o h\u00e1 pistas sobre os suspeitos, por\u00e9m as dilig\u00eancias continuam.<\/p>\n\n\n\n<p>O ve\u00edculo, modelo Ford Ka, cor branca, placa NBA-3267, que seria de propriedade do professor, n\u00e3o foi encontrado at\u00e9 ontem.<\/p>\n\n\n\n<p>O CASO \u2013 Desde a noite de 14 de janeiro, a fam\u00edlia do professor Gilson Ramalho vive a ang\u00fastia do desaparecimento dele.<\/p>\n\n\n\n<p>Ele saiu de casa informando que retornaria rapidamente, mas n\u00e3o voltou. Yane Ramalho, filha de Gilson, destacou que o pai saiu vestindo uma bermuda e uma camisa escura, sem acess\u00f3rios.<\/p>\n\n\n\n<p>\u201cEle estava vestido realmente para sair r\u00e1pido. N\u00e3o informou para onde iria e eu n\u00e3o perguntei\u201d, destacou a filha. Segundo Yane, o pai nunca dormiu fora de casa nem havia sa\u00eddo sem avisar. \u201cFoi realmente a \u00fanica vez que isso aconteceu.<\/p>\n\n\n\n<p>Somos quatro pessoas, mas minha m\u00e3e e minha irm\u00e3 estavam viajando no dia do desaparecimento. Somente eu e ele est\u00e1vamos em casa\u201d, acrescentou a jovem.<\/p>\n\n\n\n<figure class=\"wp-block-image\"><img decoding=\"async\" data-src=\"https:\/\/www.diamanteonline.com.br\/images\/noticias\/aded9726e402624804.jpg\" alt=\"\" src=\"data:image\/svg+xml;base64,PHN2ZyB3aWR0aD0iMSIgaGVpZ2h0PSIxIiB4bWxucz0iaHR0cDovL3d3dy53My5vcmcvMjAwMC9zdmciPjwvc3ZnPg==\" class=\"lazyload\" \/><\/figure>\n\n\n\n<p>Preocupada com a demora, a filha destacou que enviou mensagem para perguntar se o pai estava retornando.<\/p>\n\n\n\n<p>\u201c\u00c0s 23h30, eu achei estranho a demora dele e comecei a mandar mensagem, mas ele parou de responder. \u00c0s 2h da madrugada de ter\u00e7a-feira [15 de janeiro], o celular foi ligado e ele recebeu minhas mensagens, no entanto, foi desligado novamente\u201d, ressaltou Yane. A jovem disse que registrou boletim de ocorr\u00eancia e, diante da falta de respostas, tamb\u00e9m procurou a Pol\u00edcia Militar e a Pol\u00edcia Rodovi\u00e1ria Federal (PRF) para relatar o sumi\u00e7o e pedir apoio nas buscas.<\/p>\n\n\n\n<h6 class=\"wp-block-heading\">Com folhabv<\/h6>\n","protected":false},"excerpt":{"rendered":"<p>Um corpo em avan\u00e7ado estado de decomposi\u00e7\u00e3o foi encontrado em uma regi\u00e3o de ch\u00e1caras a cinco quil\u00f4metros da rotat\u00f3ria do bairro Cidade Sat\u00e9lite, no sentido&hellip; <\/p>\n","protected":false},"author":1,"featured_media":82414,"comment_status":"closed","ping_status":"closed","sticky":false,"template":"","format":"standard","meta":{"sfsi_plus_gutenberg_text_before_share":"","sfsi_plus_gutenberg_show_text_before_share":"","sfsi_plus_gutenberg_icon_type":"","sfsi_plus_gutenberg_icon_alignemt":"","sfsi_plus_gutenburg_max_per_row":"","footnotes":""},"categories":[50,12],"tags":[],"class_list":["post-82411","post","type-post","status-publish","format-standard","has-post-thumbnail","hentry","category-destaque","category-policia"],"_links":{"self":[{"href":"https:\/\/www.caririemacao.com\/1\/wp-json\/wp\/v2\/posts\/82411","targetHints":{"allow":["GET"]}}],"collection":[{"href":"https:\/\/www.caririemacao.com\/1\/wp-json\/wp\/v2\/posts"}],"about":[{"href":"https:\/\/www.caririemacao.com\/1\/wp-json\/wp\/v2\/types\/post"}],"author":[{"embeddable":true,"href":"https:\/\/www.caririemacao.com\/1\/wp-json\/wp\/v2\/users\/1"}],"replies":[{"embeddable":true,"href":"https:\/\/www.caririemacao.com\/1\/wp-json\/wp\/v2\/comments?post=82411"}],"version-history":[{"count":1,"href":"https:\/\/www.caririemacao.com\/1\/wp-json\/wp\/v2\/posts\/82411\/revisions"}],"predecessor-version":[{"id":82415,"href":"https:\/\/www.caririemacao.com\/1\/wp-json\/wp\/v2\/posts\/82411\/revisions\/82415"}],"wp:featuredmedia":[{"embeddable":true,"href":"https:\/\/www.caririemacao.com\/1\/wp-json\/wp\/v2\/media\/82414"}],"wp:attachment":[{"href":"https:\/\/www.caririemacao.com\/1\/wp-json\/wp\/v2\/media?parent=82411"}],"wp:term":[{"taxonomy":"category","embeddable":true,"href":"https:\/\/www.caririemacao.com\/1\/wp-json\/wp\/v2\/categories?post=82411"},{"taxonomy":"post_tag","embeddable":true,"href":"https:\/\/www.caririemacao.com\/1\/wp-json\/wp\/v2\/tags?post=82411"}],"curies":[{"name":"wp","href":"https:\/\/api.w.org\/{rel}","templated":true}]}}