{"id":82420,"date":"2019-01-29T11:32:13","date_gmt":"2019-01-29T14:32:13","guid":{"rendered":"http:\/\/www.caririemacao.com\/1\/?p=82420"},"modified":"2019-01-29T11:35:33","modified_gmt":"2019-01-29T14:35:33","slug":"82420","status":"publish","type":"post","link":"https:\/\/www.caririemacao.com\/1\/2019\/01\/29\/82420\/","title":{"rendered":"Lama n\u00e3o deve chegar ao rio S\u00e3o Francisco, aponta novo boletim do Servi\u00e7o Geol\u00f3gico"},"content":{"rendered":"\n<ul class=\"wp-block-list\"><li><\/li><li><a href=\"http:\/\/falecomaredeglobo.globo.com\/\"><\/a><\/li><\/ul>\n\n\n\n<hr class=\"wp-block-separator\"\/>\n\n\n\n<figure class=\"wp-block-image\"><img decoding=\"async\" data-src=\"https:\/\/s02.video.glbimg.com\/x720\/7337037.jpg\" alt=\"Boletim: Bombeiros retomam buscas pelas v\u00edtimas da trag\u00e9dia em Brumadinho\" src=\"data:image\/svg+xml;base64,PHN2ZyB3aWR0aD0iMSIgaGVpZ2h0PSIxIiB4bWxucz0iaHR0cDovL3d3dy53My5vcmcvMjAwMC9zdmciPjwvc3ZnPg==\" class=\"lazyload\" \/><\/figure>\n\n\n\n<p>Boletim: Bombeiros retomam buscas pelas v\u00edtimas da trag\u00e9dia em Brumadinho<\/p>\n\n\n\n\n\n<p>Em novo boletim, divulgado na noite de segunda-feira (28), o Servi\u00e7o Geol\u00f3gico do Brasil indica que n\u00e3o h\u00e1 possibilidade de a lama de rejeitos da Vale chegar \u00e0 usina hidrel\u00e9trica de Tr\u00eas Marias, no rio S\u00e3o Francisco. Este \u00e9 o segundo relat\u00f3rio de monitoramento publicado pela entidade que tem acompanhado todos os dias a velocidade de deslocamento da lama.<\/p>\n\n\n\n<p>Segundo o Servi\u00e7o Geol\u00f3gico, a previs\u00e3o agora \u00e9 de que todo o rejeito fique retido na hidrel\u00e9trica de Retiro Baixo, em Pomp\u00e9u (MG), n\u00e3o alcan\u00e7ando o reservat\u00f3rio de Tr\u00eas Marias. No primeiro boletim, divulgado por volta das 11h de segunda-feira, a estimativa era de que a lama chegasse a Tr\u00eas Marias entre os dias 15 e 20 de fevereiro.<\/p>\n\n\n\n<p>A lama \u00e9 resultado do\u00a0rompimento de uma barragem da Vale em Brumadinho, na regi\u00e3o metropolitana de Belo Horizonte, ocorrido na \u00faltima sexta-feira (25). Os rejeitos atingiram o rio Paraopeba.<\/p>\n\n\n\n<p>Veja a previs\u00e3o de chegada da lama, segundo relat\u00f3rio das 19h de segunda:<\/p>\n\n\n\n<ul class=\"wp-block-list\"><li>Dia 29\/01 &#8211; lama de rejeitos deve chegar \u00e0 noite em S\u00e3o Jos\u00e9 da Varginha<\/li><li>Entre 5 e 10\/02 &#8211; lama deve chegar \u00e0 hidrel\u00e9trica de Retiro Baixo<\/li><\/ul>\n\n\n\n<p>Se confirmado este c\u00e1lculo, a lama ter\u00e1 percorrido um caminho de 310 quil\u00f4metros desde Brumadinho. O documento destaca ainda que os sedimentos avan\u00e7am a 1 km por hora.<\/p>\n\n\n\n<p>O rompimento da barragem em Brumadinho devastou a \u00e1rea administrativa da Vale, casas e propriedades da regi\u00e3o. Segundo o \u00faltimo balan\u00e7o divulgado pelos bombeiros, divulgado na noite de segunda-feira, havia 65 mortes confirmadas e 279 pessoas continuavam desaparecidas.\u00a0<\/p>\n\n\n\n<p><\/p>\n\n\n\n<p>G1<\/p>\n","protected":false},"excerpt":{"rendered":"<p>Boletim: Bombeiros retomam buscas pelas v\u00edtimas da trag\u00e9dia em Brumadinho Em novo boletim, divulgado na noite de segunda-feira (28), o Servi\u00e7o Geol\u00f3gico do Brasil indica&hellip; <\/p>\n","protected":false},"author":1,"featured_media":82421,"comment_status":"closed","ping_status":"closed","sticky":false,"template":"","format":"standard","meta":{"sfsi_plus_gutenberg_text_before_share":"","sfsi_plus_gutenberg_show_text_before_share":"","sfsi_plus_gutenberg_icon_type":"","sfsi_plus_gutenberg_icon_alignemt":"","sfsi_plus_gutenburg_max_per_row":"","footnotes":""},"categories":[2],"tags":[],"class_list":["post-82420","post","type-post","status-publish","format-standard","has-post-thumbnail","hentry","category-geral"],"_links":{"self":[{"href":"https:\/\/www.caririemacao.com\/1\/wp-json\/wp\/v2\/posts\/82420","targetHints":{"allow":["GET"]}}],"collection":[{"href":"https:\/\/www.caririemacao.com\/1\/wp-json\/wp\/v2\/posts"}],"about":[{"href":"https:\/\/www.caririemacao.com\/1\/wp-json\/wp\/v2\/types\/post"}],"author":[{"embeddable":true,"href":"https:\/\/www.caririemacao.com\/1\/wp-json\/wp\/v2\/users\/1"}],"replies":[{"embeddable":true,"href":"https:\/\/www.caririemacao.com\/1\/wp-json\/wp\/v2\/comments?post=82420"}],"version-history":[{"count":2,"href":"https:\/\/www.caririemacao.com\/1\/wp-json\/wp\/v2\/posts\/82420\/revisions"}],"predecessor-version":[{"id":82424,"href":"https:\/\/www.caririemacao.com\/1\/wp-json\/wp\/v2\/posts\/82420\/revisions\/82424"}],"wp:featuredmedia":[{"embeddable":true,"href":"https:\/\/www.caririemacao.com\/1\/wp-json\/wp\/v2\/media\/82421"}],"wp:attachment":[{"href":"https:\/\/www.caririemacao.com\/1\/wp-json\/wp\/v2\/media?parent=82420"}],"wp:term":[{"taxonomy":"category","embeddable":true,"href":"https:\/\/www.caririemacao.com\/1\/wp-json\/wp\/v2\/categories?post=82420"},{"taxonomy":"post_tag","embeddable":true,"href":"https:\/\/www.caririemacao.com\/1\/wp-json\/wp\/v2\/tags?post=82420"}],"curies":[{"name":"wp","href":"https:\/\/api.w.org\/{rel}","templated":true}]}}