{"id":82429,"date":"2019-01-29T11:42:08","date_gmt":"2019-01-29T14:42:08","guid":{"rendered":"http:\/\/www.caririemacao.com\/1\/?p=82429"},"modified":"2019-01-29T11:42:11","modified_gmt":"2019-01-29T14:42:11","slug":"prefeitura-de-sao-joao-do-cariri-publica-edital-de-convocacao-dos-aprovados-em-concurso-publico","status":"publish","type":"post","link":"https:\/\/www.caririemacao.com\/1\/2019\/01\/29\/prefeitura-de-sao-joao-do-cariri-publica-edital-de-convocacao-dos-aprovados-em-concurso-publico\/","title":{"rendered":"Prefeitura de S\u00e3o Jo\u00e3o do Cariri publica edital de convoca\u00e7\u00e3o dos aprovados em concurso p\u00fablico"},"content":{"rendered":"\n<p>A Prefeitura Municipal de S\u00e3o Jo\u00e3o do Cariri publicou no di\u00e1rio oficial do munic\u00edpio na manh\u00e3 desta ter\u00e7a-feira(29), o edital de convoca\u00e7\u00e3o&nbsp;dos aprovados no Concurso P\u00fablico Edital 001\/2018, realizado no dia 14 Outubro de 2018.<\/p>\n\n\n\n<p>Os aprovados j\u00e1 podem comparecerem no Setor de Recursos Humanos, na Rua Jo\u00e3o Pessoa, S\/N, Centro, S\u00e3o Jo\u00e3o do Cariri, no per\u00edodo de 29\/01\/2019 a 01\/03\/2019, de 07h \u00e0s 13h, a fim de apresentar os documentos&nbsp;necess\u00e1rios para seu empossamento.<\/p>\n\n\n\n<p>Ao todo, foram convocados 30 pessoas, que ser\u00e3o empossados imediatamente para atuarem nos cargos ofertados pela prefeitura. Confira abaixo o edital de convoca\u00e7\u00e3o.<\/p>\n\n\n\n<p>Convoca\u00e7\u00e3o no Di\u00e1rio Oficial do Munic\u00edpio:<\/p>\n\n\n\n<figure class=\"wp-block-embed\"><div class=\"wp-block-embed__wrapper\">\n<div class=\"ose-wrapper ose-uid-09d55edcf5a8bd69a6d8b3832c2e1d8b ose-embedpress-responsive\" style=\"width:600px; height:550px; max-height:550px; max-width:100%; display:inline-block;\" data-embed-type=\"document_php?id=000195\"><iframe allowFullScreen=\"true\" width=\"600\" height=\"550\" data-src=\"http:\/\/diariooficial.saojoaodocariri.pb.gov.br\/0000\/diarioOficial.php?id=000195\"  src=\"data:image\/svg+xml;base64,PHN2ZyB3aWR0aD0iMSIgaGVpZ2h0PSIxIiB4bWxucz0iaHR0cDovL3d3dy53My5vcmcvMjAwMC9zdmciPjwvc3ZnPg==\" class=\"lazyload\" data-load-mode=\"1\"> <\/iframe><\/div>\n<\/div><\/figure>\n\n\n\n<p><strong>De Olho no Cariri<\/strong><\/p>\n","protected":false},"excerpt":{"rendered":"<p>A Prefeitura Municipal de S\u00e3o Jo\u00e3o do Cariri publicou no di\u00e1rio oficial do munic\u00edpio na manh\u00e3 desta ter\u00e7a-feira(29), o edital de convoca\u00e7\u00e3o&nbsp;dos aprovados no Concurso&hellip; <\/p>\n","protected":false},"author":1,"featured_media":51366,"comment_status":"closed","ping_status":"closed","sticky":false,"template":"","format":"standard","meta":{"sfsi_plus_gutenberg_text_before_share":"","sfsi_plus_gutenberg_show_text_before_share":"","sfsi_plus_gutenberg_icon_type":"","sfsi_plus_gutenberg_icon_alignemt":"","sfsi_plus_gutenburg_max_per_row":"","footnotes":""},"categories":[2],"tags":[],"class_list":["post-82429","post","type-post","status-publish","format-standard","has-post-thumbnail","hentry","category-geral"],"_links":{"self":[{"href":"https:\/\/www.caririemacao.com\/1\/wp-json\/wp\/v2\/posts\/82429","targetHints":{"allow":["GET"]}}],"collection":[{"href":"https:\/\/www.caririemacao.com\/1\/wp-json\/wp\/v2\/posts"}],"about":[{"href":"https:\/\/www.caririemacao.com\/1\/wp-json\/wp\/v2\/types\/post"}],"author":[{"embeddable":true,"href":"https:\/\/www.caririemacao.com\/1\/wp-json\/wp\/v2\/users\/1"}],"replies":[{"embeddable":true,"href":"https:\/\/www.caririemacao.com\/1\/wp-json\/wp\/v2\/comments?post=82429"}],"version-history":[{"count":1,"href":"https:\/\/www.caririemacao.com\/1\/wp-json\/wp\/v2\/posts\/82429\/revisions"}],"predecessor-version":[{"id":82430,"href":"https:\/\/www.caririemacao.com\/1\/wp-json\/wp\/v2\/posts\/82429\/revisions\/82430"}],"wp:featuredmedia":[{"embeddable":true,"href":"https:\/\/www.caririemacao.com\/1\/wp-json\/wp\/v2\/media\/51366"}],"wp:attachment":[{"href":"https:\/\/www.caririemacao.com\/1\/wp-json\/wp\/v2\/media?parent=82429"}],"wp:term":[{"taxonomy":"category","embeddable":true,"href":"https:\/\/www.caririemacao.com\/1\/wp-json\/wp\/v2\/categories?post=82429"},{"taxonomy":"post_tag","embeddable":true,"href":"https:\/\/www.caririemacao.com\/1\/wp-json\/wp\/v2\/tags?post=82429"}],"curies":[{"name":"wp","href":"https:\/\/api.w.org\/{rel}","templated":true}]}}