{"id":82437,"date":"2019-01-29T11:47:33","date_gmt":"2019-01-29T14:47:33","guid":{"rendered":"http:\/\/www.caririemacao.com\/1\/?p=82437"},"modified":"2019-01-29T11:47:37","modified_gmt":"2019-01-29T14:47:37","slug":"dez-profissoes-vao-estar-em-alta-em-2019-veja-a-lista","status":"publish","type":"post","link":"https:\/\/www.caririemacao.com\/1\/2019\/01\/29\/dez-profissoes-vao-estar-em-alta-em-2019-veja-a-lista\/","title":{"rendered":"Dez profiss\u00f5es v\u00e3o estar em alta em 2019; veja a lista"},"content":{"rendered":"\n<p>Ainda devido aos efeitos da crise, muitos profissionais passaram por um ano dif\u00edcil, com o mercado de trabalho retra\u00eddo e sem muitas perspectivas, por\u00e9m a tend\u00eancia para 2019 \u00e9 de melhora \u2013 e algumas \u00e1reas v\u00e3o se destacar. Quais as profiss\u00f5es que prometem marcar forte presen\u00e7a no mercado? Segundo o especialista em recursos humanos, Celso Bazzola, para definir os setores que se destacar\u00e3o s\u00e3o necess\u00e1rias algumas an\u00e1lises.<\/p>\n\n\n\n<p>\u201cO que leva a definirmos algumas carreiras promissoras para o pr\u00f3ximo ano s\u00e3o as tend\u00eancias de mercado e a economia do pa\u00eds. As necessidades e mudan\u00e7as de comportamento tamb\u00e9m influenciam nessa an\u00e1lise\u201d, explica.<\/p>\n\n\n\n<p>De acordo com Celso, n\u00e3o \u00e9 porque as profiss\u00f5es est\u00e3o valorizadas que se deve correr atr\u00e1s das mesmas, pois existe algo no caminho que \u00e9 um ponto muito importante: a voca\u00e7\u00e3o. \u201cGeralmente por influ\u00eancias externas, os profissionais optam pelo dinheiro e o resultado pode ser desastroso\u201d, alerta.<\/p>\n\n\n\n<h2 class=\"wp-block-heading\"><strong>Veja os destaques, segundo o especialista<\/strong><\/h2>\n\n\n\n<ol class=\"wp-block-list\"><li><strong>Agroec\u00f3logo<\/strong>&nbsp;\u2013 profissional que combina conhecimentos de sustentabilidade com agroind\u00fastria;<\/li><li><strong>Geront\u00f3logo<\/strong>&nbsp;\u2013 atua n\u00e3o s\u00f3 com a&nbsp;sa\u00fade de pessoas idosas, mas tamb\u00e9m com a felicidade e o bem-estar delas;<\/li><li><strong>Analista de BI (Business Inteligent)<\/strong>&nbsp;\u2013 tem capacidade de interpretar dados e entender os comportamentos de consumo;<\/li><li><strong>T\u00e9cnico em drones<\/strong>&nbsp;\u2013 especializado em pilotar esse tipo de aeronave n\u00e3o tripulada para servi\u00e7os na parte de seguran\u00e7a, fotos e filmagens, an\u00e1lise de campo e solo, etc;<\/li><li><strong>Desenvolvedor mobile<\/strong>&nbsp;\u2013 profissional que desenvolve softwares para dispositivos m\u00f3veis;<\/li><li><strong>Cientista de dados<\/strong>&nbsp;\u2013 papel decisivo para o futuro de muitas empresas, pois utiliza seus conhecimentos estat\u00edsticos e matem\u00e1ticos para resolver problemas de neg\u00f3cios e identificar tend\u00eancias capazes de alavancar os resultados da companhia;<\/li><li><strong>Analista de m\u00eddias digitais<\/strong>&nbsp;\u2013 ajuda a buscar por meio do engajamento o bom relacionamento por meio das redes sociais digitais;<\/li><li><strong>Biotecnologista<\/strong>&nbsp;\u2013 pode trabalhar com o melhoramento da produ\u00e7\u00e3o agr\u00edcola, com o controle de qualidade e desenvolvimento de rem\u00e9dios;<\/li><li><strong>Designer de games<\/strong>&nbsp;\u2013 consiste em criar e&nbsp;desenvolver jogos eletr\u00f4nicos&nbsp;para diversas plataformas, seja ele para treinamento ou entretenimento;<\/li><li><strong>Conselheiro<\/strong>&nbsp;\u2013 seu papel \u00e9 sugerir melhorias para a governan\u00e7a corporativa, com base nos seus conhecimentos t\u00e9cnicos de controladoria, finan\u00e7as e contabilidade e viv\u00eancia de mercado.<\/li><\/ol>\n\n\n\n<p>O especialista ainda disse que v\u00e1rias profiss\u00f5es tiveram seus momentos de destaque e depois entraram em baixa; outras est\u00e3o presentes nas empresas em destaque at\u00e9 hoje. \u201cO importante tamb\u00e9m \u00e9 se manter atualizado, sendo que muitas delas sofreram mudan\u00e7as gra\u00e7as os avan\u00e7os das t\u00e9cnicas, tecnologia, estrat\u00e9gia, competitividade, entre outras vari\u00e1veis que fazem as pessoas se destacarem ou n\u00e3o\u201d, finalizou.<\/p>\n","protected":false},"excerpt":{"rendered":"<p>Ainda devido aos efeitos da crise, muitos profissionais passaram por um ano dif\u00edcil, com o mercado de trabalho retra\u00eddo e sem muitas perspectivas, por\u00e9m a&hellip; <\/p>\n","protected":false},"author":1,"featured_media":82438,"comment_status":"closed","ping_status":"closed","sticky":false,"template":"","format":"standard","meta":{"sfsi_plus_gutenberg_text_before_share":"","sfsi_plus_gutenberg_show_text_before_share":"","sfsi_plus_gutenberg_icon_type":"","sfsi_plus_gutenberg_icon_alignemt":"","sfsi_plus_gutenburg_max_per_row":"","footnotes":""},"categories":[50,2],"tags":[],"class_list":["post-82437","post","type-post","status-publish","format-standard","has-post-thumbnail","hentry","category-destaque","category-geral"],"_links":{"self":[{"href":"https:\/\/www.caririemacao.com\/1\/wp-json\/wp\/v2\/posts\/82437","targetHints":{"allow":["GET"]}}],"collection":[{"href":"https:\/\/www.caririemacao.com\/1\/wp-json\/wp\/v2\/posts"}],"about":[{"href":"https:\/\/www.caririemacao.com\/1\/wp-json\/wp\/v2\/types\/post"}],"author":[{"embeddable":true,"href":"https:\/\/www.caririemacao.com\/1\/wp-json\/wp\/v2\/users\/1"}],"replies":[{"embeddable":true,"href":"https:\/\/www.caririemacao.com\/1\/wp-json\/wp\/v2\/comments?post=82437"}],"version-history":[{"count":1,"href":"https:\/\/www.caririemacao.com\/1\/wp-json\/wp\/v2\/posts\/82437\/revisions"}],"predecessor-version":[{"id":82439,"href":"https:\/\/www.caririemacao.com\/1\/wp-json\/wp\/v2\/posts\/82437\/revisions\/82439"}],"wp:featuredmedia":[{"embeddable":true,"href":"https:\/\/www.caririemacao.com\/1\/wp-json\/wp\/v2\/media\/82438"}],"wp:attachment":[{"href":"https:\/\/www.caririemacao.com\/1\/wp-json\/wp\/v2\/media?parent=82437"}],"wp:term":[{"taxonomy":"category","embeddable":true,"href":"https:\/\/www.caririemacao.com\/1\/wp-json\/wp\/v2\/categories?post=82437"},{"taxonomy":"post_tag","embeddable":true,"href":"https:\/\/www.caririemacao.com\/1\/wp-json\/wp\/v2\/tags?post=82437"}],"curies":[{"name":"wp","href":"https:\/\/api.w.org\/{rel}","templated":true}]}}