{"id":82441,"date":"2019-01-29T11:53:47","date_gmt":"2019-01-29T14:53:47","guid":{"rendered":"http:\/\/www.caririemacao.com\/1\/?p=82441"},"modified":"2019-01-29T11:53:50","modified_gmt":"2019-01-29T14:53:50","slug":"bolsonaro-agradece-oracoes-recebidas-e-atuacao-da-equipe-medica","status":"publish","type":"post","link":"https:\/\/www.caririemacao.com\/1\/2019\/01\/29\/bolsonaro-agradece-oracoes-recebidas-e-atuacao-da-equipe-medica\/","title":{"rendered":"Bolsonaro agradece ora\u00e7\u00f5es recebidas e atua\u00e7\u00e3o da equipe m\u00e9dica"},"content":{"rendered":"\n<p><br>O presidente Jair Bolsonaro agradeceu hoje (29) as ora\u00e7\u00f5es recebidas e a atua\u00e7\u00e3o da equipe do Hospital Albert Einstein da capital paulista, respons\u00e1vel pela sua cirurgia ontem. No Twitter, Bolsonaro disse que est\u00e1 bem.<\/p>\n\n\n\n<figure class=\"wp-block-image\"><img decoding=\"async\" data-src=\"https:\/\/paraibaonline.com.br\/wp-content\/uploads\/2019\/01\/twitter.jpg\" alt=\"Foto: Reprodu\u00e7\u00e3o\/Twitter de Jair Bolsonaro\" class=\"wp-image-567253 lazyload\" src=\"data:image\/svg+xml;base64,PHN2ZyB3aWR0aD0iMSIgaGVpZ2h0PSIxIiB4bWxucz0iaHR0cDovL3d3dy53My5vcmcvMjAwMC9zdmciPjwvc3ZnPg==\" \/><\/figure>\n\n\n\n<p>Foto: Reprodu\u00e7\u00e3o\/Twitter\/Arquivo<\/p>\n\n\n\n<p>\u201cForam tempos dif\u00edceis, consequ\u00eancia de uma tentativa de assassinato que visava destruir n\u00e3o s\u00f3 a mim, mas a esperan\u00e7a de muitos brasileiros num futuro melhor. Agrade\u00e7o a Deus por estar vivo, aos profissionais que cuidaram de mim at\u00e9 aqui e a todos voc\u00eas pelas ora\u00e7\u00f5es! Estou bem\u201d, escreveu.<\/p>\n","protected":false},"excerpt":{"rendered":"<p>O presidente Jair Bolsonaro agradeceu hoje (29) as ora\u00e7\u00f5es recebidas e a atua\u00e7\u00e3o da equipe do Hospital Albert Einstein da capital paulista, respons\u00e1vel pela sua&hellip; <\/p>\n","protected":false},"author":1,"featured_media":82442,"comment_status":"closed","ping_status":"closed","sticky":false,"template":"","format":"standard","meta":{"sfsi_plus_gutenberg_text_before_share":"","sfsi_plus_gutenberg_show_text_before_share":"","sfsi_plus_gutenberg_icon_type":"","sfsi_plus_gutenberg_icon_alignemt":"","sfsi_plus_gutenburg_max_per_row":"","footnotes":""},"categories":[11],"tags":[],"class_list":["post-82441","post","type-post","status-publish","format-standard","has-post-thumbnail","hentry","category-politica"],"_links":{"self":[{"href":"https:\/\/www.caririemacao.com\/1\/wp-json\/wp\/v2\/posts\/82441","targetHints":{"allow":["GET"]}}],"collection":[{"href":"https:\/\/www.caririemacao.com\/1\/wp-json\/wp\/v2\/posts"}],"about":[{"href":"https:\/\/www.caririemacao.com\/1\/wp-json\/wp\/v2\/types\/post"}],"author":[{"embeddable":true,"href":"https:\/\/www.caririemacao.com\/1\/wp-json\/wp\/v2\/users\/1"}],"replies":[{"embeddable":true,"href":"https:\/\/www.caririemacao.com\/1\/wp-json\/wp\/v2\/comments?post=82441"}],"version-history":[{"count":1,"href":"https:\/\/www.caririemacao.com\/1\/wp-json\/wp\/v2\/posts\/82441\/revisions"}],"predecessor-version":[{"id":82443,"href":"https:\/\/www.caririemacao.com\/1\/wp-json\/wp\/v2\/posts\/82441\/revisions\/82443"}],"wp:featuredmedia":[{"embeddable":true,"href":"https:\/\/www.caririemacao.com\/1\/wp-json\/wp\/v2\/media\/82442"}],"wp:attachment":[{"href":"https:\/\/www.caririemacao.com\/1\/wp-json\/wp\/v2\/media?parent=82441"}],"wp:term":[{"taxonomy":"category","embeddable":true,"href":"https:\/\/www.caririemacao.com\/1\/wp-json\/wp\/v2\/categories?post=82441"},{"taxonomy":"post_tag","embeddable":true,"href":"https:\/\/www.caririemacao.com\/1\/wp-json\/wp\/v2\/tags?post=82441"}],"curies":[{"name":"wp","href":"https:\/\/api.w.org\/{rel}","templated":true}]}}