{"id":82444,"date":"2019-01-29T12:16:04","date_gmt":"2019-01-29T15:16:04","guid":{"rendered":"http:\/\/www.caririemacao.com\/1\/?p=82444"},"modified":"2019-01-29T12:16:07","modified_gmt":"2019-01-29T15:16:07","slug":"trabalhador-rural-nao-precisara-mais-da-intermediacao-dos-sindicatos-para-conseguir-declaracao-de-sua-atividade-para-se-aposentar","status":"publish","type":"post","link":"https:\/\/www.caririemacao.com\/1\/2019\/01\/29\/trabalhador-rural-nao-precisara-mais-da-intermediacao-dos-sindicatos-para-conseguir-declaracao-de-sua-atividade-para-se-aposentar\/","title":{"rendered":"Trabalhador rural n\u00e3o precisar\u00e1 mais da intermedia\u00e7\u00e3o dos sindicatos para conseguir declara\u00e7\u00e3o de sua atividade para se aposentar"},"content":{"rendered":"\n<p>O trabalhador rural n\u00e3o precisar\u00e1 mais da intermedia\u00e7\u00e3o dos sindicatos para conseguir uma declara\u00e7\u00e3o de sua atividade e, com isso, conseguir se aposentar.<\/p>\n\n\n\n<p>\u00c9 o que estabelece a medida provis\u00f3ria assinada presidente Jair Bolsonaro&nbsp;na \u00faltima sexta-feira 18,&nbsp;&nbsp;em uma cerim\u00f4nia no Pal\u00e1cio do Planalto, para combater fraudes em benef\u00edcios pagos pela Previd\u00eancia Social.<\/p>\n\n\n\n\n\n<p>De acordo com o governo, a medida provis\u00f3ria altera regras de concess\u00e3o dos benef\u00edcios,&nbsp;&nbsp;entre os quais aux\u00edlio-reclus\u00e3o, pens\u00e3o por morte e aposentadoria rural. Prev\u00ea, ainda, a revis\u00e3o de benef\u00edcios pagos atualmente pelo INSS.<\/p>\n\n\n\n<p>Pelo texto da MP, ser\u00e3o criados os programas de&nbsp;<strong>An\u00e1lise de Benef\u00edcios com Ind\u00edcios de Irregularidade<\/strong>e de<strong>Revis\u00e3o de Benef\u00edcios por Incapacidade<\/strong><strong>.<\/strong><\/p>\n\n\n\n<p>Pelas estimativas da equipe econ\u00f4mica, o governo poder\u00e1&nbsp;<strong>economizar R$ 9,8 bilh\u00f5es<\/strong>&nbsp;nos primeiros 12 meses com as a\u00e7\u00f5es previstas na MP.<\/p>\n\n\n\n<p>Isso porque, de acordo com o governo, a estimativa \u00e9 que ser\u00e3o cancelados 16% dos 5,5 milh\u00f5es de benef\u00edcios. A revis\u00e3o ser\u00e1 feita nos pr\u00f3ximos dois anos.<\/p>\n\n\n\n<p>Para a concess\u00e3o de aposentadoria rural, sendo a MP, ser\u00e1 criado um cadastro de segurados especiais para abastecer o Cadastro Nacional de Informa\u00e7\u00f5es Sociais (CNIS). A partir de 2020, o CNIS ser\u00e1 a \u00fanica forma de comprovar o tempo de contribui\u00e7\u00e3o para o trabalhador rural.<\/p>\n\n\n\n<p>Documentos validados por sindicatos n\u00e3o ser\u00e3o mais aceitos. Antes de 2020, o trabalhador rural comprovar\u00e1 per\u00edodo de contribui\u00e7\u00e3o por meio de uma autodeclara\u00e7\u00e3o. Nos pr\u00f3ximos 60 dias, bastar\u00e1 entregar a autodeclara\u00e7\u00e3o. A partir de mar\u00e7o, a autodoclera\u00e7\u00e3o ter\u00e1 de ser homologada por entidades do Programa Nacional de Assist\u00eancia T\u00e9cnica e Extens\u00e3o Rural (Pronater).<\/p>\n\n\n\n<p><a href=\"https:\/\/www.blogger.com\/profile\/08643084751656483059\">Herasmo Leite&nbsp;<\/a><\/p>\n","protected":false},"excerpt":{"rendered":"<p>O trabalhador rural n\u00e3o precisar\u00e1 mais da intermedia\u00e7\u00e3o dos sindicatos para conseguir uma declara\u00e7\u00e3o de sua atividade e, com isso, conseguir se aposentar. \u00c9 o&hellip; <\/p>\n","protected":false},"author":1,"featured_media":82445,"comment_status":"closed","ping_status":"closed","sticky":false,"template":"","format":"standard","meta":{"sfsi_plus_gutenberg_text_before_share":"","sfsi_plus_gutenberg_show_text_before_share":"","sfsi_plus_gutenberg_icon_type":"","sfsi_plus_gutenberg_icon_alignemt":"","sfsi_plus_gutenburg_max_per_row":"","footnotes":""},"categories":[11],"tags":[],"class_list":["post-82444","post","type-post","status-publish","format-standard","has-post-thumbnail","hentry","category-politica"],"_links":{"self":[{"href":"https:\/\/www.caririemacao.com\/1\/wp-json\/wp\/v2\/posts\/82444","targetHints":{"allow":["GET"]}}],"collection":[{"href":"https:\/\/www.caririemacao.com\/1\/wp-json\/wp\/v2\/posts"}],"about":[{"href":"https:\/\/www.caririemacao.com\/1\/wp-json\/wp\/v2\/types\/post"}],"author":[{"embeddable":true,"href":"https:\/\/www.caririemacao.com\/1\/wp-json\/wp\/v2\/users\/1"}],"replies":[{"embeddable":true,"href":"https:\/\/www.caririemacao.com\/1\/wp-json\/wp\/v2\/comments?post=82444"}],"version-history":[{"count":1,"href":"https:\/\/www.caririemacao.com\/1\/wp-json\/wp\/v2\/posts\/82444\/revisions"}],"predecessor-version":[{"id":82446,"href":"https:\/\/www.caririemacao.com\/1\/wp-json\/wp\/v2\/posts\/82444\/revisions\/82446"}],"wp:featuredmedia":[{"embeddable":true,"href":"https:\/\/www.caririemacao.com\/1\/wp-json\/wp\/v2\/media\/82445"}],"wp:attachment":[{"href":"https:\/\/www.caririemacao.com\/1\/wp-json\/wp\/v2\/media?parent=82444"}],"wp:term":[{"taxonomy":"category","embeddable":true,"href":"https:\/\/www.caririemacao.com\/1\/wp-json\/wp\/v2\/categories?post=82444"},{"taxonomy":"post_tag","embeddable":true,"href":"https:\/\/www.caririemacao.com\/1\/wp-json\/wp\/v2\/tags?post=82444"}],"curies":[{"name":"wp","href":"https:\/\/api.w.org\/{rel}","templated":true}]}}