{"id":82450,"date":"2019-01-29T11:34:49","date_gmt":"2019-01-29T14:34:49","guid":{"rendered":"http:\/\/www.caririemacao.com\/1\/?p=82450"},"modified":"2019-01-29T12:40:35","modified_gmt":"2019-01-29T15:40:35","slug":"sicoob-sume-comemora-o-dia-dos-aposentados-com-cafe-da-manha","status":"publish","type":"post","link":"https:\/\/www.caririemacao.com\/1\/2019\/01\/29\/sicoob-sume-comemora-o-dia-dos-aposentados-com-cafe-da-manha\/","title":{"rendered":"Sicoob Sum\u00e9 comemora o Dia dos Aposentados com Caf\u00e9 da Manh\u00e3"},"content":{"rendered":"\n<p>A \u00faltima quinta-feira, dia 24 de janeiro, Dia do Aposentado, trouxe um motivo para quem j\u00e1 trabalhou por anos refletir sobre o presente, ou, para quem ainda est\u00e1 na ativa, pensar no futuro. <\/p>\n\n\n\n<figure class=\"wp-block-image\"><img fetchpriority=\"high\" decoding=\"async\" width=\"767\" height=\"1024\" src=\"http:\/\/www.caririemacao.com\/1\/wp-content\/uploads\/2019\/01\/WhatsApp-Image-2019-01-24-at-10.16.22-767x1024.jpeg\" alt=\"\" class=\"wp-image-82452\" srcset=\"https:\/\/www.caririemacao.com\/1\/wp-content\/uploads\/2019\/01\/WhatsApp-Image-2019-01-24-at-10.16.22-767x1024.jpeg 767w, https:\/\/www.caririemacao.com\/1\/wp-content\/uploads\/2019\/01\/WhatsApp-Image-2019-01-24-at-10.16.22-225x300.jpeg 225w, https:\/\/www.caririemacao.com\/1\/wp-content\/uploads\/2019\/01\/WhatsApp-Image-2019-01-24-at-10.16.22-768x1025.jpeg 768w, https:\/\/www.caririemacao.com\/1\/wp-content\/uploads\/2019\/01\/WhatsApp-Image-2019-01-24-at-10.16.22.jpeg 959w\" sizes=\"(max-width: 767px) 100vw, 767px\" \/><\/figure>\n\n\n\n<p>E para comemorar este dia especial, para aqueles que contribu\u00edram,\ne ainda continuam contribuindo, a ag\u00eancia Sicoob, na cidade de Sum\u00e9, preparou\num lindo e saboroso caf\u00e9 da manh\u00e3 para os aposentados.<\/p>\n\n\n\n<p>Este ato foi uma forma encontrada pela ag\u00eancia do Sicoob para\nparabenizar a todos os aposentados, n\u00e3o s\u00f3 pelo dia do Aposentado, mas por todo\nesfor\u00e7o e trabalho que traduzem esse reconhecimento expresso no dia 24 de\njaneiro.<\/p>\n","protected":false},"excerpt":{"rendered":"<p>A \u00faltima quinta-feira, dia 24 de janeiro, Dia do Aposentado, trouxe um motivo para quem j\u00e1 trabalhou por anos refletir sobre o presente, ou, para&hellip; <\/p>\n","protected":false},"author":2,"featured_media":82451,"comment_status":"closed","ping_status":"closed","sticky":false,"template":"","format":"standard","meta":{"sfsi_plus_gutenberg_text_before_share":"","sfsi_plus_gutenberg_show_text_before_share":"","sfsi_plus_gutenberg_icon_type":"","sfsi_plus_gutenberg_icon_alignemt":"","sfsi_plus_gutenburg_max_per_row":"","footnotes":""},"categories":[2],"tags":[],"class_list":["post-82450","post","type-post","status-publish","format-standard","has-post-thumbnail","hentry","category-geral"],"_links":{"self":[{"href":"https:\/\/www.caririemacao.com\/1\/wp-json\/wp\/v2\/posts\/82450","targetHints":{"allow":["GET"]}}],"collection":[{"href":"https:\/\/www.caririemacao.com\/1\/wp-json\/wp\/v2\/posts"}],"about":[{"href":"https:\/\/www.caririemacao.com\/1\/wp-json\/wp\/v2\/types\/post"}],"author":[{"embeddable":true,"href":"https:\/\/www.caririemacao.com\/1\/wp-json\/wp\/v2\/users\/2"}],"replies":[{"embeddable":true,"href":"https:\/\/www.caririemacao.com\/1\/wp-json\/wp\/v2\/comments?post=82450"}],"version-history":[{"count":1,"href":"https:\/\/www.caririemacao.com\/1\/wp-json\/wp\/v2\/posts\/82450\/revisions"}],"predecessor-version":[{"id":82453,"href":"https:\/\/www.caririemacao.com\/1\/wp-json\/wp\/v2\/posts\/82450\/revisions\/82453"}],"wp:featuredmedia":[{"embeddable":true,"href":"https:\/\/www.caririemacao.com\/1\/wp-json\/wp\/v2\/media\/82451"}],"wp:attachment":[{"href":"https:\/\/www.caririemacao.com\/1\/wp-json\/wp\/v2\/media?parent=82450"}],"wp:term":[{"taxonomy":"category","embeddable":true,"href":"https:\/\/www.caririemacao.com\/1\/wp-json\/wp\/v2\/categories?post=82450"},{"taxonomy":"post_tag","embeddable":true,"href":"https:\/\/www.caririemacao.com\/1\/wp-json\/wp\/v2\/tags?post=82450"}],"curies":[{"name":"wp","href":"https:\/\/api.w.org\/{rel}","templated":true}]}}