{"id":82456,"date":"2019-01-29T12:50:59","date_gmt":"2019-01-29T15:50:59","guid":{"rendered":"http:\/\/www.caririemacao.com\/1\/?p=82456"},"modified":"2019-01-29T12:51:06","modified_gmt":"2019-01-29T15:51:06","slug":"governador-mostra-preocupacao-com-barragens-clandestinas-na-pb","status":"publish","type":"post","link":"https:\/\/www.caririemacao.com\/1\/2019\/01\/29\/governador-mostra-preocupacao-com-barragens-clandestinas-na-pb\/","title":{"rendered":"Governador mostra preocupa\u00e7\u00e3o com barragens clandestinas na PB"},"content":{"rendered":"\n<p>O governador Jo\u00e3o Azev\u00eado (PSB) demonstrou preocupa\u00e7\u00e3o, nesta ter\u00e7a-feira&nbsp; (29), com as barragens clandestinas constru\u00eddas na Para\u00edba. De acordo com o gestor, esses reservat\u00f3rios s\u00e3o constru\u00eddos sem nenhum acompanhamento dos \u00f3rg\u00e3os respons\u00e1veis no Estado.<\/p>\n\n\n\n<p>\u201cS\u00e3o milhares de barragens que s\u00e3o feitas por particulares dentro de suas propriedades e sem o controle. Pedimos que essas pessoas que fizeram suas barragens tenham o devido controle e acompanhamento porque as que s\u00e3o de responsabilidade do Governo do Estado estamos acompanhando muito bem\u201d, explicou.<\/p>\n\n\n\n<p>Azev\u00eado disse que existe por parte da Ag\u00eancia Executiva da Gest\u00e3o da&nbsp; \u00c1guas (AESA) a fiscaliza\u00e7\u00e3o de barragens e lembrou que \u00e9 preciso uma requisi\u00e7\u00e3o para a constru\u00e7\u00e3o.&nbsp;\u201cEssas que t\u00eam esse requerimento j\u00e1 s\u00e3o acompanhadas pela AESA\u201d, afirmou.<\/p>\n\n\n\n<p>Quanto as barragens sob a responsabilidade do Governo do Estado, o gestor tranquilizou a popula\u00e7\u00e3o e disse que cerca de 130 s\u00e3o monitoradas, sendo que 50 delas j\u00e1 passaram por um processo de recupera\u00e7\u00e3o.<\/p>\n\n\n\n<p>\u201c\u00c9 um trabalho que j\u00e1 vem sendo implementado desde a \u00e9poca que eu era candidato. Evidente que isso n\u00e3o permite que a gente relaxe e descuide hora nenhuma. Temos que manter o tempo todo o alerta e por isso j\u00e1 contratam o Plano de Seguran\u00e7a de Barragens onde se identifica todos os problemas que possam acontecer\u201d, pontuou.<\/p>\n\n\n\n<p><strong>Roberto Targino e Albemar Santos \u2013 MaisPB<\/strong><\/p>\n","protected":false},"excerpt":{"rendered":"<p>O governador Jo\u00e3o Azev\u00eado (PSB) demonstrou preocupa\u00e7\u00e3o, nesta ter\u00e7a-feira&nbsp; (29), com as barragens clandestinas constru\u00eddas na Para\u00edba. De acordo com o gestor, esses reservat\u00f3rios s\u00e3o&hellip; <\/p>\n","protected":false},"author":1,"featured_media":82457,"comment_status":"closed","ping_status":"closed","sticky":false,"template":"","format":"standard","meta":{"sfsi_plus_gutenberg_text_before_share":"","sfsi_plus_gutenberg_show_text_before_share":"","sfsi_plus_gutenberg_icon_type":"","sfsi_plus_gutenberg_icon_alignemt":"","sfsi_plus_gutenburg_max_per_row":"","footnotes":""},"categories":[11],"tags":[],"class_list":["post-82456","post","type-post","status-publish","format-standard","has-post-thumbnail","hentry","category-politica"],"_links":{"self":[{"href":"https:\/\/www.caririemacao.com\/1\/wp-json\/wp\/v2\/posts\/82456","targetHints":{"allow":["GET"]}}],"collection":[{"href":"https:\/\/www.caririemacao.com\/1\/wp-json\/wp\/v2\/posts"}],"about":[{"href":"https:\/\/www.caririemacao.com\/1\/wp-json\/wp\/v2\/types\/post"}],"author":[{"embeddable":true,"href":"https:\/\/www.caririemacao.com\/1\/wp-json\/wp\/v2\/users\/1"}],"replies":[{"embeddable":true,"href":"https:\/\/www.caririemacao.com\/1\/wp-json\/wp\/v2\/comments?post=82456"}],"version-history":[{"count":1,"href":"https:\/\/www.caririemacao.com\/1\/wp-json\/wp\/v2\/posts\/82456\/revisions"}],"predecessor-version":[{"id":82458,"href":"https:\/\/www.caririemacao.com\/1\/wp-json\/wp\/v2\/posts\/82456\/revisions\/82458"}],"wp:featuredmedia":[{"embeddable":true,"href":"https:\/\/www.caririemacao.com\/1\/wp-json\/wp\/v2\/media\/82457"}],"wp:attachment":[{"href":"https:\/\/www.caririemacao.com\/1\/wp-json\/wp\/v2\/media?parent=82456"}],"wp:term":[{"taxonomy":"category","embeddable":true,"href":"https:\/\/www.caririemacao.com\/1\/wp-json\/wp\/v2\/categories?post=82456"},{"taxonomy":"post_tag","embeddable":true,"href":"https:\/\/www.caririemacao.com\/1\/wp-json\/wp\/v2\/tags?post=82456"}],"curies":[{"name":"wp","href":"https:\/\/api.w.org\/{rel}","templated":true}]}}