{"id":82473,"date":"2019-01-29T14:56:38","date_gmt":"2019-01-29T17:56:38","guid":{"rendered":"http:\/\/www.caririemacao.com\/1\/?p=82473"},"modified":"2019-01-29T14:56:41","modified_gmt":"2019-01-29T17:56:41","slug":"presidente-eleito-do-tjpb-anuncia-diretores-de-quatro-comarcas-de-justica-do-cariri","status":"publish","type":"post","link":"https:\/\/www.caririemacao.com\/1\/2019\/01\/29\/presidente-eleito-do-tjpb-anuncia-diretores-de-quatro-comarcas-de-justica-do-cariri\/","title":{"rendered":"Presidente eleito do TJPB anuncia diretores de quatro Comarcas de Justi\u00e7a do Cariri"},"content":{"rendered":"\n<p>Os nomes dos futuros ju\u00edzes-diretores dos f\u00f3runs de Boqueir\u00e3o, Cabaceiras, Monteiro e Sum\u00e9, no Cariri paraibano, foram divulgados, nesta ter\u00e7a-feira (29), pelo presidente eleito do Tribunal de Justi\u00e7a da Para\u00edba, desembargador M\u00e1rcio Murilo da Cunha Ramos.<\/p>\n\n\n\n<p>A Comarca de Monteiro ser\u00e1 dirigida pelo Juiz, Rodrigo Augusto Gomes Brito Vital da Costa, e a Comarca de Sum\u00e9 pelo magistrado Hugo Zaher.<\/p>\n\n\n\n<p>Ainda na regi\u00e3o do Cariri, a Comarca de Cabaceiras ser\u00e1 conduzida pelo magistrado Falkandre de Sousa Queiroz, e a Comarca de Boqueir\u00e3o, pela ju\u00edza Ana Carmen Pereira Jord\u00e3o; Cabaceiras pelo magistrado Falkandre de Sousa Queiroz.<\/p>\n\n\n\n<p>\u201cO crit\u00e9rio de escolha foi a experi\u00eancia que esses futuros diretores j\u00e1 demonstraram na sua vida judicante e administrativa e, tamb\u00e9m, a certeza de que eles ir\u00e3o colaborar com a digitaliza\u00e7\u00e3o dos processos f\u00edsicos, para a inclus\u00e3o no PJe (Processo Judicial Eletr\u00f4nico), e com as demais a\u00e7\u00f5es propostas pela gest\u00e3o\u201d, afirmou o desembargador M\u00e1rcio Murilo.<\/p>\n","protected":false},"excerpt":{"rendered":"<p>Os nomes dos futuros ju\u00edzes-diretores dos f\u00f3runs de Boqueir\u00e3o, Cabaceiras, Monteiro e Sum\u00e9, no Cariri paraibano, foram divulgados, nesta ter\u00e7a-feira (29), pelo presidente eleito do&hellip; <\/p>\n","protected":false},"author":1,"featured_media":30039,"comment_status":"closed","ping_status":"closed","sticky":false,"template":"","format":"standard","meta":{"sfsi_plus_gutenberg_text_before_share":"","sfsi_plus_gutenberg_show_text_before_share":"","sfsi_plus_gutenberg_icon_type":"","sfsi_plus_gutenberg_icon_alignemt":"","sfsi_plus_gutenburg_max_per_row":"","footnotes":""},"categories":[11],"tags":[],"class_list":["post-82473","post","type-post","status-publish","format-standard","has-post-thumbnail","hentry","category-politica"],"_links":{"self":[{"href":"https:\/\/www.caririemacao.com\/1\/wp-json\/wp\/v2\/posts\/82473","targetHints":{"allow":["GET"]}}],"collection":[{"href":"https:\/\/www.caririemacao.com\/1\/wp-json\/wp\/v2\/posts"}],"about":[{"href":"https:\/\/www.caririemacao.com\/1\/wp-json\/wp\/v2\/types\/post"}],"author":[{"embeddable":true,"href":"https:\/\/www.caririemacao.com\/1\/wp-json\/wp\/v2\/users\/1"}],"replies":[{"embeddable":true,"href":"https:\/\/www.caririemacao.com\/1\/wp-json\/wp\/v2\/comments?post=82473"}],"version-history":[{"count":1,"href":"https:\/\/www.caririemacao.com\/1\/wp-json\/wp\/v2\/posts\/82473\/revisions"}],"predecessor-version":[{"id":82474,"href":"https:\/\/www.caririemacao.com\/1\/wp-json\/wp\/v2\/posts\/82473\/revisions\/82474"}],"wp:featuredmedia":[{"embeddable":true,"href":"https:\/\/www.caririemacao.com\/1\/wp-json\/wp\/v2\/media\/30039"}],"wp:attachment":[{"href":"https:\/\/www.caririemacao.com\/1\/wp-json\/wp\/v2\/media?parent=82473"}],"wp:term":[{"taxonomy":"category","embeddable":true,"href":"https:\/\/www.caririemacao.com\/1\/wp-json\/wp\/v2\/categories?post=82473"},{"taxonomy":"post_tag","embeddable":true,"href":"https:\/\/www.caririemacao.com\/1\/wp-json\/wp\/v2\/tags?post=82473"}],"curies":[{"name":"wp","href":"https:\/\/api.w.org\/{rel}","templated":true}]}}