{"id":82475,"date":"2019-01-29T14:58:18","date_gmt":"2019-01-29T17:58:18","guid":{"rendered":"http:\/\/www.caririemacao.com\/1\/?p=82475"},"modified":"2019-01-29T14:58:20","modified_gmt":"2019-01-29T17:58:20","slug":"conta-de-luz-vai-ficar-mais-cara-em-boa-vista-e-outras-cinco-cidades-da-pb","status":"publish","type":"post","link":"https:\/\/www.caririemacao.com\/1\/2019\/01\/29\/conta-de-luz-vai-ficar-mais-cara-em-boa-vista-e-outras-cinco-cidades-da-pb\/","title":{"rendered":"Conta de luz vai ficar mais cara em Boa Vista e outras cinco cidades da PB"},"content":{"rendered":"\n<p>Clientes da Energisa Borborema v\u00e3o pagar mais caro pela conta de luz a partir de 2 de fevereiro deste ano. O aumento m\u00e9dio \u00e9 de 4,36% para 212 mil unidades consumidoras dos munic\u00edpios de Campina Grande, Queimadas, Fagundes, Boa Vista, Massaranduba e Lagoa Seca.<\/p>\n\n\n\n<p>O reajuste foi aprovado nesta ter\u00e7a-feira (29) pela Ag\u00eancia Nacional de Energia El\u00e9trica (Aneel) e, quando discriminado, ser\u00e1 de 4,60% para os consumidores da baixa tens\u00e3o 3,81% e para unidades consumidoras de alta tens\u00e3o.<\/p>\n\n\n\n<p>O aumento ocorre porque a Energisa Borborema teve ao longo do ano passado custos mais altos do que o concedido via tarifa para aquisi\u00e7\u00e3o de energia, e que foram incorporados ao processo tarif\u00e1rio deste ano.<\/p>\n","protected":false},"excerpt":{"rendered":"<p>Clientes da Energisa Borborema v\u00e3o pagar mais caro pela conta de luz a partir de 2 de fevereiro deste ano. O aumento m\u00e9dio \u00e9 de&hellip; <\/p>\n","protected":false},"author":1,"featured_media":79317,"comment_status":"closed","ping_status":"closed","sticky":false,"template":"","format":"standard","meta":{"sfsi_plus_gutenberg_text_before_share":"","sfsi_plus_gutenberg_show_text_before_share":"","sfsi_plus_gutenberg_icon_type":"","sfsi_plus_gutenberg_icon_alignemt":"","sfsi_plus_gutenburg_max_per_row":"","footnotes":""},"categories":[2],"tags":[],"class_list":["post-82475","post","type-post","status-publish","format-standard","has-post-thumbnail","hentry","category-geral"],"_links":{"self":[{"href":"https:\/\/www.caririemacao.com\/1\/wp-json\/wp\/v2\/posts\/82475","targetHints":{"allow":["GET"]}}],"collection":[{"href":"https:\/\/www.caririemacao.com\/1\/wp-json\/wp\/v2\/posts"}],"about":[{"href":"https:\/\/www.caririemacao.com\/1\/wp-json\/wp\/v2\/types\/post"}],"author":[{"embeddable":true,"href":"https:\/\/www.caririemacao.com\/1\/wp-json\/wp\/v2\/users\/1"}],"replies":[{"embeddable":true,"href":"https:\/\/www.caririemacao.com\/1\/wp-json\/wp\/v2\/comments?post=82475"}],"version-history":[{"count":1,"href":"https:\/\/www.caririemacao.com\/1\/wp-json\/wp\/v2\/posts\/82475\/revisions"}],"predecessor-version":[{"id":82476,"href":"https:\/\/www.caririemacao.com\/1\/wp-json\/wp\/v2\/posts\/82475\/revisions\/82476"}],"wp:featuredmedia":[{"embeddable":true,"href":"https:\/\/www.caririemacao.com\/1\/wp-json\/wp\/v2\/media\/79317"}],"wp:attachment":[{"href":"https:\/\/www.caririemacao.com\/1\/wp-json\/wp\/v2\/media?parent=82475"}],"wp:term":[{"taxonomy":"category","embeddable":true,"href":"https:\/\/www.caririemacao.com\/1\/wp-json\/wp\/v2\/categories?post=82475"},{"taxonomy":"post_tag","embeddable":true,"href":"https:\/\/www.caririemacao.com\/1\/wp-json\/wp\/v2\/tags?post=82475"}],"curies":[{"name":"wp","href":"https:\/\/api.w.org\/{rel}","templated":true}]}}