{"id":82478,"date":"2019-01-29T15:26:12","date_gmt":"2019-01-29T18:26:12","guid":{"rendered":"http:\/\/www.caririemacao.com\/1\/?p=82478"},"modified":"2019-01-29T15:26:28","modified_gmt":"2019-01-29T18:26:28","slug":"irmao-de-lula-morre-vitima-de-cancer-em-sp","status":"publish","type":"post","link":"https:\/\/www.caririemacao.com\/1\/2019\/01\/29\/irmao-de-lula-morre-vitima-de-cancer-em-sp\/","title":{"rendered":"Irm\u00e3o de Lula morre v\u00edtima de c\u00e2ncer em SP"},"content":{"rendered":"\n<p>\u00a0O irm\u00e3o do ex-presidente Luiz In\u00e1cio Lula da Silva, Genival In\u00e1cio da Silva, o Vav\u00e1, morreu nesta ter\u00e7a-feira (29), em S\u00e3o Paulo.<\/p>\n\n\n\n<p>Ele estava com c\u00e2ncer no pulm\u00e3o.<\/p>\n\n\n\n<p>Na semana passada, foi internado em um hospital de S\u00e3o Paulo para tratamento. Mas n\u00e3o resistiu.<\/p>\n\n\n\n<p>\u00c9 poss\u00edvel que Lula pe\u00e7a para a Justi\u00e7a para comparecer ao vel\u00f3rio \u2013 Vav\u00e1 foi um dos irm\u00e3os mais pr\u00f3ximos do petista. Mas a decis\u00e3o ainda n\u00e3o est\u00e1 tomada.<\/p>\n\n\n\n<p>FolhaPress<\/p>\n","protected":false},"excerpt":{"rendered":"<p>\u00a0O irm\u00e3o do ex-presidente Luiz In\u00e1cio Lula da Silva, Genival In\u00e1cio da Silva, o Vav\u00e1, morreu nesta ter\u00e7a-feira (29), em S\u00e3o Paulo. Ele estava com&hellip; <\/p>\n","protected":false},"author":1,"featured_media":82479,"comment_status":"closed","ping_status":"closed","sticky":false,"template":"","format":"standard","meta":{"sfsi_plus_gutenberg_text_before_share":"","sfsi_plus_gutenberg_show_text_before_share":"","sfsi_plus_gutenberg_icon_type":"","sfsi_plus_gutenberg_icon_alignemt":"","sfsi_plus_gutenburg_max_per_row":"","footnotes":""},"categories":[11],"tags":[],"class_list":["post-82478","post","type-post","status-publish","format-standard","has-post-thumbnail","hentry","category-politica"],"_links":{"self":[{"href":"https:\/\/www.caririemacao.com\/1\/wp-json\/wp\/v2\/posts\/82478","targetHints":{"allow":["GET"]}}],"collection":[{"href":"https:\/\/www.caririemacao.com\/1\/wp-json\/wp\/v2\/posts"}],"about":[{"href":"https:\/\/www.caririemacao.com\/1\/wp-json\/wp\/v2\/types\/post"}],"author":[{"embeddable":true,"href":"https:\/\/www.caririemacao.com\/1\/wp-json\/wp\/v2\/users\/1"}],"replies":[{"embeddable":true,"href":"https:\/\/www.caririemacao.com\/1\/wp-json\/wp\/v2\/comments?post=82478"}],"version-history":[{"count":1,"href":"https:\/\/www.caririemacao.com\/1\/wp-json\/wp\/v2\/posts\/82478\/revisions"}],"predecessor-version":[{"id":82480,"href":"https:\/\/www.caririemacao.com\/1\/wp-json\/wp\/v2\/posts\/82478\/revisions\/82480"}],"wp:featuredmedia":[{"embeddable":true,"href":"https:\/\/www.caririemacao.com\/1\/wp-json\/wp\/v2\/media\/82479"}],"wp:attachment":[{"href":"https:\/\/www.caririemacao.com\/1\/wp-json\/wp\/v2\/media?parent=82478"}],"wp:term":[{"taxonomy":"category","embeddable":true,"href":"https:\/\/www.caririemacao.com\/1\/wp-json\/wp\/v2\/categories?post=82478"},{"taxonomy":"post_tag","embeddable":true,"href":"https:\/\/www.caririemacao.com\/1\/wp-json\/wp\/v2\/tags?post=82478"}],"curies":[{"name":"wp","href":"https:\/\/api.w.org\/{rel}","templated":true}]}}