{"id":82483,"date":"2019-01-29T16:46:18","date_gmt":"2019-01-29T19:46:18","guid":{"rendered":"http:\/\/www.caririemacao.com\/1\/?p=82483"},"modified":"2019-01-29T16:46:21","modified_gmt":"2019-01-29T19:46:21","slug":"lula-pede-a-justica-para-sair-da-cadeia-para-ir-a-velorio-de-irmao","status":"publish","type":"post","link":"https:\/\/www.caririemacao.com\/1\/2019\/01\/29\/lula-pede-a-justica-para-sair-da-cadeia-para-ir-a-velorio-de-irmao\/","title":{"rendered":"Lula pede \u00e0 Justi\u00e7a para sair da cadeia para ir a vel\u00f3rio de irm\u00e3o"},"content":{"rendered":"\n<p>A defesa do ex-presidente Luiz In\u00e1cio Lula da Silva pediu \u00e0 Justi\u00e7a nesta ter\u00e7a-feira (29) a libera\u00e7\u00e3o dele para ir ao vel\u00f3rio do irm\u00e3o Genival In\u00e1cio da Silva, de 79 anos, conhecido como Vav\u00e1, que morreu nesta manh\u00e3. Segundo a peti\u00e7\u00e3o, o vel\u00f3rio acontece ainda nesta ter\u00e7a-feira, e o sepultamento ser\u00e1 feito na quarta-feira (30) pela manh\u00e3, em S\u00e3o Bernardo do Campo, em S\u00e3o Paulo. De acordo com o pedido, h\u00e1 previs\u00e3o legal para a libera\u00e7\u00e3o em caso de morte de parentes diretos. Segundo os advogados do ex-presidente, o artigo 120 da Lei de Execu\u00e7\u00e3o fala que &#8220;os condenados que cumprem pena em regime fechado ou semi-aberto e os presos provis\u00f3rios poder\u00e3o obter permiss\u00e3o para sair do estabelecimento, mediante escolta, quando ocorrer falecimento ou doen\u00e7a grave do c\u00f4njuge, companheira, ascendente, descendente ou irm\u00e3o&#8221;. Foi aberto prazo de um dia para a manifesta\u00e7\u00e3o do Minist\u00e9rio P\u00fablico. Em 25 de dezembro, Lula pediu para sair da pris\u00e3o para comparecer ao funeral do advogado e ex-deputado federal Luiz Carlos Sigmaringa Seixas. Na oportunidade, o juiz plantonista Vicente de Paula Ataide Junior negou o pedido com base no mesmo artigo que os advogados de Lula citam no pedido desta ter\u00e7a-feira. A defesa solicitou na peti\u00e7\u00e3o que o pedido seja analisado com urg\u00eancia. A ju\u00edza Carolina Lebbos, respons\u00e1vel pela execu\u00e7\u00e3o penal de Lula, ainda n\u00e3o se manifestou.<\/p>\n\n\n\n<p>G1<\/p>\n","protected":false},"excerpt":{"rendered":"<p>A defesa do ex-presidente Luiz In\u00e1cio Lula da Silva pediu \u00e0 Justi\u00e7a nesta ter\u00e7a-feira (29) a libera\u00e7\u00e3o dele para ir ao vel\u00f3rio do irm\u00e3o Genival&hellip; <\/p>\n","protected":false},"author":1,"featured_media":46477,"comment_status":"closed","ping_status":"closed","sticky":false,"template":"","format":"standard","meta":{"sfsi_plus_gutenberg_text_before_share":"","sfsi_plus_gutenberg_show_text_before_share":"","sfsi_plus_gutenberg_icon_type":"","sfsi_plus_gutenberg_icon_alignemt":"","sfsi_plus_gutenburg_max_per_row":"","footnotes":""},"categories":[11],"tags":[],"class_list":["post-82483","post","type-post","status-publish","format-standard","has-post-thumbnail","hentry","category-politica"],"_links":{"self":[{"href":"https:\/\/www.caririemacao.com\/1\/wp-json\/wp\/v2\/posts\/82483","targetHints":{"allow":["GET"]}}],"collection":[{"href":"https:\/\/www.caririemacao.com\/1\/wp-json\/wp\/v2\/posts"}],"about":[{"href":"https:\/\/www.caririemacao.com\/1\/wp-json\/wp\/v2\/types\/post"}],"author":[{"embeddable":true,"href":"https:\/\/www.caririemacao.com\/1\/wp-json\/wp\/v2\/users\/1"}],"replies":[{"embeddable":true,"href":"https:\/\/www.caririemacao.com\/1\/wp-json\/wp\/v2\/comments?post=82483"}],"version-history":[{"count":1,"href":"https:\/\/www.caririemacao.com\/1\/wp-json\/wp\/v2\/posts\/82483\/revisions"}],"predecessor-version":[{"id":82484,"href":"https:\/\/www.caririemacao.com\/1\/wp-json\/wp\/v2\/posts\/82483\/revisions\/82484"}],"wp:featuredmedia":[{"embeddable":true,"href":"https:\/\/www.caririemacao.com\/1\/wp-json\/wp\/v2\/media\/46477"}],"wp:attachment":[{"href":"https:\/\/www.caririemacao.com\/1\/wp-json\/wp\/v2\/media?parent=82483"}],"wp:term":[{"taxonomy":"category","embeddable":true,"href":"https:\/\/www.caririemacao.com\/1\/wp-json\/wp\/v2\/categories?post=82483"},{"taxonomy":"post_tag","embeddable":true,"href":"https:\/\/www.caririemacao.com\/1\/wp-json\/wp\/v2\/tags?post=82483"}],"curies":[{"name":"wp","href":"https:\/\/api.w.org\/{rel}","templated":true}]}}