{"id":82486,"date":"2019-01-29T20:33:44","date_gmt":"2019-01-29T23:33:44","guid":{"rendered":"http:\/\/www.caririemacao.com\/1\/?p=82486"},"modified":"2019-01-29T20:33:46","modified_gmt":"2019-01-29T23:33:46","slug":"presidente-da-camara-de-monteiro-vai-pedir-atencao-do-governo-do-estado-as-barragens-de-monteiro","status":"publish","type":"post","link":"https:\/\/www.caririemacao.com\/1\/2019\/01\/29\/presidente-da-camara-de-monteiro-vai-pedir-atencao-do-governo-do-estado-as-barragens-de-monteiro\/","title":{"rendered":"Presidente da C\u00e2mara de Monteiro vai pedir aten\u00e7\u00e3o do governo do estado \u00e0s barragens de Monteiro"},"content":{"rendered":"\n<p>Ap\u00f3s a repercuss\u00e3o recente da trag\u00e9dia ocorrida em Minas Gerais, e preocupado com o bem estar e seguran\u00e7a da popula\u00e7\u00e3o de Monteiro, o vereador Caj\u00f3 Menezes confirmou que vai solicitar aten\u00e7\u00e3o do governo do estado em rela\u00e7\u00e3o \u00e0s barragens do munic\u00edpio de Monteiro.<\/p>\n\n\n\n<p>O Presidente da C\u00e2mara municipal de Monteiro confirmou que estar\u00e1 solicitando ao Governo do Estado a inclus\u00e3o das barragens de Pocinhos, S\u00e3o Jos\u00e9 e Po\u00e7\u00f5es, no Plano estadual de monitoramento de barragens da Para\u00edba. <\/p>\n\n\n\n<p>Entre elas, a que mais necessita de aten\u00e7\u00e3o \u00e9 a barragem de Pocinhos. <br> \u201cDetectamos que Pocinhos necessita de uma limpeza na sua parede, al\u00e9m de uma limpeza na sua caixa e arredores\u201d, explicou o vereador. <\/p>\n\n\n\n<p>\u201cA preven\u00e7\u00e3o \u00e9 indispens\u00e1vel e sempre foi uma preocupa\u00e7\u00e3o nossa, mesmo antes de nos depararmos com os acontecimentos recentes em Minas Gerais\u201d, completou Caj\u00f3.<\/p>\n\n\n\n<p><br> ASCOM-CMM<\/p>\n","protected":false},"excerpt":{"rendered":"<p>Ap\u00f3s a repercuss\u00e3o recente da trag\u00e9dia ocorrida em Minas Gerais, e preocupado com o bem estar e seguran\u00e7a da popula\u00e7\u00e3o de Monteiro, o vereador Caj\u00f3&hellip; <\/p>\n","protected":false},"author":2,"featured_media":82487,"comment_status":"closed","ping_status":"closed","sticky":false,"template":"","format":"standard","meta":{"sfsi_plus_gutenberg_text_before_share":"","sfsi_plus_gutenberg_show_text_before_share":"","sfsi_plus_gutenberg_icon_type":"","sfsi_plus_gutenberg_icon_alignemt":"","sfsi_plus_gutenburg_max_per_row":"","footnotes":""},"categories":[11],"tags":[],"class_list":["post-82486","post","type-post","status-publish","format-standard","has-post-thumbnail","hentry","category-politica"],"_links":{"self":[{"href":"https:\/\/www.caririemacao.com\/1\/wp-json\/wp\/v2\/posts\/82486","targetHints":{"allow":["GET"]}}],"collection":[{"href":"https:\/\/www.caririemacao.com\/1\/wp-json\/wp\/v2\/posts"}],"about":[{"href":"https:\/\/www.caririemacao.com\/1\/wp-json\/wp\/v2\/types\/post"}],"author":[{"embeddable":true,"href":"https:\/\/www.caririemacao.com\/1\/wp-json\/wp\/v2\/users\/2"}],"replies":[{"embeddable":true,"href":"https:\/\/www.caririemacao.com\/1\/wp-json\/wp\/v2\/comments?post=82486"}],"version-history":[{"count":1,"href":"https:\/\/www.caririemacao.com\/1\/wp-json\/wp\/v2\/posts\/82486\/revisions"}],"predecessor-version":[{"id":82488,"href":"https:\/\/www.caririemacao.com\/1\/wp-json\/wp\/v2\/posts\/82486\/revisions\/82488"}],"wp:featuredmedia":[{"embeddable":true,"href":"https:\/\/www.caririemacao.com\/1\/wp-json\/wp\/v2\/media\/82487"}],"wp:attachment":[{"href":"https:\/\/www.caririemacao.com\/1\/wp-json\/wp\/v2\/media?parent=82486"}],"wp:term":[{"taxonomy":"category","embeddable":true,"href":"https:\/\/www.caririemacao.com\/1\/wp-json\/wp\/v2\/categories?post=82486"},{"taxonomy":"post_tag","embeddable":true,"href":"https:\/\/www.caririemacao.com\/1\/wp-json\/wp\/v2\/tags?post=82486"}],"curies":[{"name":"wp","href":"https:\/\/api.w.org\/{rel}","templated":true}]}}