{"id":82489,"date":"2019-01-29T21:25:30","date_gmt":"2019-01-30T00:25:30","guid":{"rendered":"http:\/\/www.caririemacao.com\/1\/?p=82489"},"modified":"2019-01-29T21:25:32","modified_gmt":"2019-01-30T00:25:32","slug":"homem-e-preso-por-divulgar-local-de-blitz-em-grupo-de-whatsapp","status":"publish","type":"post","link":"https:\/\/www.caririemacao.com\/1\/2019\/01\/29\/homem-e-preso-por-divulgar-local-de-blitz-em-grupo-de-whatsapp\/","title":{"rendered":"Homem \u00e9 preso por divulgar local de blitz em grupo de WhatsApp"},"content":{"rendered":"\n<p>Um homem foi preso na tarde desta ter\u00e7a-feira (29), suspeito de divulgar uma blitz em grupo de WhatsApp, em Campina Grande.<\/p>\n\n\n\n<p>O suspeito foi surpreendido pelos agentes da Pol\u00edcia Rodovi\u00e1ria Federal (PRF), que efetuaram a pris\u00e3o.<\/p>\n\n\n\n<p>Os agentes da PRF receberam um compartilhamento do v\u00eddeo informando sobre o local da blitz e perceberam que foi feito pelo suspeito, que estava trabalhando como pintor em uma reforma no Posto Rodovi\u00e1rio de Santa Terezinha.<\/p>\n\n\n\n\n\n<p>O suspeito confessou que filmou para mandar para um grupo. Ele recebeu voz de pris\u00e3o e foi encaminhado para a Sede da Pol\u00edcia Federal, em Campina Grande.<\/p>\n\n\n\n<p>Ele vai responder pelo artigo 265 do C\u00f3digo Penal.<\/p>\n","protected":false},"excerpt":{"rendered":"<p>Um homem foi preso na tarde desta ter\u00e7a-feira (29), suspeito de divulgar uma blitz em grupo de WhatsApp, em Campina Grande. O suspeito foi surpreendido&hellip; <\/p>\n","protected":false},"author":1,"featured_media":49623,"comment_status":"closed","ping_status":"closed","sticky":false,"template":"","format":"standard","meta":{"sfsi_plus_gutenberg_text_before_share":"","sfsi_plus_gutenberg_show_text_before_share":"","sfsi_plus_gutenberg_icon_type":"","sfsi_plus_gutenberg_icon_alignemt":"","sfsi_plus_gutenburg_max_per_row":"","footnotes":""},"categories":[2],"tags":[],"class_list":["post-82489","post","type-post","status-publish","format-standard","has-post-thumbnail","hentry","category-geral"],"_links":{"self":[{"href":"https:\/\/www.caririemacao.com\/1\/wp-json\/wp\/v2\/posts\/82489","targetHints":{"allow":["GET"]}}],"collection":[{"href":"https:\/\/www.caririemacao.com\/1\/wp-json\/wp\/v2\/posts"}],"about":[{"href":"https:\/\/www.caririemacao.com\/1\/wp-json\/wp\/v2\/types\/post"}],"author":[{"embeddable":true,"href":"https:\/\/www.caririemacao.com\/1\/wp-json\/wp\/v2\/users\/1"}],"replies":[{"embeddable":true,"href":"https:\/\/www.caririemacao.com\/1\/wp-json\/wp\/v2\/comments?post=82489"}],"version-history":[{"count":1,"href":"https:\/\/www.caririemacao.com\/1\/wp-json\/wp\/v2\/posts\/82489\/revisions"}],"predecessor-version":[{"id":82490,"href":"https:\/\/www.caririemacao.com\/1\/wp-json\/wp\/v2\/posts\/82489\/revisions\/82490"}],"wp:featuredmedia":[{"embeddable":true,"href":"https:\/\/www.caririemacao.com\/1\/wp-json\/wp\/v2\/media\/49623"}],"wp:attachment":[{"href":"https:\/\/www.caririemacao.com\/1\/wp-json\/wp\/v2\/media?parent=82489"}],"wp:term":[{"taxonomy":"category","embeddable":true,"href":"https:\/\/www.caririemacao.com\/1\/wp-json\/wp\/v2\/categories?post=82489"},{"taxonomy":"post_tag","embeddable":true,"href":"https:\/\/www.caririemacao.com\/1\/wp-json\/wp\/v2\/tags?post=82489"}],"curies":[{"name":"wp","href":"https:\/\/api.w.org\/{rel}","templated":true}]}}