{"id":82492,"date":"2019-01-29T21:31:00","date_gmt":"2019-01-30T00:31:00","guid":{"rendered":"http:\/\/www.caririemacao.com\/1\/?p=82492"},"modified":"2019-01-29T21:33:15","modified_gmt":"2019-01-30T00:33:15","slug":"mais-medicos-para-a-prata-sera-lancado-nesta-sexta-feira-1","status":"publish","type":"post","link":"https:\/\/www.caririemacao.com\/1\/2019\/01\/29\/mais-medicos-para-a-prata-sera-lancado-nesta-sexta-feira-1\/","title":{"rendered":"\u201cMais M\u00e9dicos Para a Prata\u201d ser\u00e1 lan\u00e7ado nesta sexta-feira (1)"},"content":{"rendered":"\n<p>De forma in\u00e9dito e\nincentivadora, a Prefeitura de Prata ir\u00e1 implantar na pr\u00f3xima sexta-feira (01)\no Programa Mais M\u00e9dicos Para a Prata que beneficiar\u00e1 alunos de medicina durante\ntodo o curso.<\/p>\n\n\n\n<p>Segundo o prefeito\nJ\u00fanior, o programa consiste em custear cinco alunos no curso de medicina,\najudando-os com uma bolsa de estudo. J\u00fanior explicou que os alunos, quando\nestiverem formados, ter\u00e3o que retribuir com seus servi\u00e7os profissionais, como\nforma de contrapartida, prestando servi\u00e7os aos pratenses.<\/p>\n\n\n\n<p>J\u00fanior disse que pensou\no programa com dois objetivos, o primeiro em contribuir para a forma\u00e7\u00e3o desses\njovens, e o segundo, melhorar e aumentar a oferta de m\u00e9dicos no munic\u00edpio,\nporque ser\u00e3o mais 05 m\u00e9dicos, no futuro bem pr\u00f3ximo, que estar\u00e3o prestando\natendimento m\u00e9dico perto de casa, atendendo seus amigos, familiares, atendendo\no povo de Prata. &nbsp;&nbsp;<\/p>\n\n\n\n<p>\u201cDurante o lan\u00e7amento,\nhaver\u00e1 um jantar com os alunos contemplados com o programa e seus familiares,\nnum momento de felicidade para todos n\u00f3s que fazemos a Gest\u00e3o Municipal\u201d,\ndestacou o prefeito.<\/p>\n\n\n\n<p>O lan\u00e7amento do programa, al\u00e9m de contar com a presen\u00e7a do prefeito e sua esposa Maria Aparecida, tamb\u00e9m contar\u00e1 com a presen\u00e7a de secret\u00e1rios municipais, vereadores, autoridades locais, tanto pol\u00edticas como eclesi\u00e1sticas, gerentes regionais de Educa\u00e7\u00e3o (Ari Prata) e Sa\u00fade (Ravena Farias). <\/p>\n","protected":false},"excerpt":{"rendered":"<p>De forma in\u00e9dito e incentivadora, a Prefeitura de Prata ir\u00e1 implantar na pr\u00f3xima sexta-feira (01) o Programa Mais M\u00e9dicos Para a Prata que beneficiar\u00e1 alunos&hellip; <\/p>\n","protected":false},"author":2,"featured_media":82493,"comment_status":"closed","ping_status":"closed","sticky":false,"template":"","format":"standard","meta":{"sfsi_plus_gutenberg_text_before_share":"","sfsi_plus_gutenberg_show_text_before_share":"","sfsi_plus_gutenberg_icon_type":"","sfsi_plus_gutenberg_icon_alignemt":"","sfsi_plus_gutenburg_max_per_row":"","footnotes":""},"categories":[6],"tags":[],"class_list":["post-82492","post","type-post","status-publish","format-standard","has-post-thumbnail","hentry","category-cidades"],"_links":{"self":[{"href":"https:\/\/www.caririemacao.com\/1\/wp-json\/wp\/v2\/posts\/82492","targetHints":{"allow":["GET"]}}],"collection":[{"href":"https:\/\/www.caririemacao.com\/1\/wp-json\/wp\/v2\/posts"}],"about":[{"href":"https:\/\/www.caririemacao.com\/1\/wp-json\/wp\/v2\/types\/post"}],"author":[{"embeddable":true,"href":"https:\/\/www.caririemacao.com\/1\/wp-json\/wp\/v2\/users\/2"}],"replies":[{"embeddable":true,"href":"https:\/\/www.caririemacao.com\/1\/wp-json\/wp\/v2\/comments?post=82492"}],"version-history":[{"count":2,"href":"https:\/\/www.caririemacao.com\/1\/wp-json\/wp\/v2\/posts\/82492\/revisions"}],"predecessor-version":[{"id":82495,"href":"https:\/\/www.caririemacao.com\/1\/wp-json\/wp\/v2\/posts\/82492\/revisions\/82495"}],"wp:featuredmedia":[{"embeddable":true,"href":"https:\/\/www.caririemacao.com\/1\/wp-json\/wp\/v2\/media\/82493"}],"wp:attachment":[{"href":"https:\/\/www.caririemacao.com\/1\/wp-json\/wp\/v2\/media?parent=82492"}],"wp:term":[{"taxonomy":"category","embeddable":true,"href":"https:\/\/www.caririemacao.com\/1\/wp-json\/wp\/v2\/categories?post=82492"},{"taxonomy":"post_tag","embeddable":true,"href":"https:\/\/www.caririemacao.com\/1\/wp-json\/wp\/v2\/tags?post=82492"}],"curies":[{"name":"wp","href":"https:\/\/api.w.org\/{rel}","templated":true}]}}