{"id":82496,"date":"2019-01-29T21:45:19","date_gmt":"2019-01-30T00:45:19","guid":{"rendered":"http:\/\/www.caririemacao.com\/1\/?p=82496"},"modified":"2019-01-29T21:45:22","modified_gmt":"2019-01-30T00:45:22","slug":"prefeitura-de-ouro-velho-antecipa-salario-de-janeiro","status":"publish","type":"post","link":"https:\/\/www.caririemacao.com\/1\/2019\/01\/29\/prefeitura-de-ouro-velho-antecipa-salario-de-janeiro\/","title":{"rendered":"Prefeitura de Ouro Velho antecipa sal\u00e1rio de janeiro"},"content":{"rendered":"\n<p>A Prefeitura de Ouro Velho antecipou mais uma vez o\npagamento do sal\u00e1rio de janeiro aos servidores ativos, aposentados e\npensionistas. <\/p>\n\n\n\n<p>O dep\u00f3sito ocorreu na \u00faltima sexta-feira (25). A informa\u00e7\u00e3o\nfoi anunciada pelo prefeito em exerc\u00edcio, Fl\u00e1vio Henrique. \u201cO governo mais uma\nvez paga seus servidores, de forma antecipada, mostrando controle e compromisso\ncom aqueles que trabalham no dia-a-dia, prestando servi\u00e7os \u00e0 popula\u00e7\u00e3o\u201d,\nressaltou Fl\u00e1vio Henrique.<\/p>\n\n\n\n<p>Fl\u00e1vio Henrique informou que n\u00e3o foram divulgados n\u00fameros e nem\na data do pagamento com anteced\u00eancia por quest\u00f5es de seguran\u00e7a.\n\n\n\n\n\n7 \\ls<\/p>\n","protected":false},"excerpt":{"rendered":"<p>A Prefeitura de Ouro Velho antecipou mais uma vez o pagamento do sal\u00e1rio de janeiro aos servidores ativos, aposentados e pensionistas. O dep\u00f3sito ocorreu na&hellip; <\/p>\n","protected":false},"author":2,"featured_media":82497,"comment_status":"closed","ping_status":"closed","sticky":false,"template":"","format":"standard","meta":{"sfsi_plus_gutenberg_text_before_share":"","sfsi_plus_gutenberg_show_text_before_share":"","sfsi_plus_gutenberg_icon_type":"","sfsi_plus_gutenberg_icon_alignemt":"","sfsi_plus_gutenburg_max_per_row":"","footnotes":""},"categories":[2],"tags":[],"class_list":["post-82496","post","type-post","status-publish","format-standard","has-post-thumbnail","hentry","category-geral"],"_links":{"self":[{"href":"https:\/\/www.caririemacao.com\/1\/wp-json\/wp\/v2\/posts\/82496","targetHints":{"allow":["GET"]}}],"collection":[{"href":"https:\/\/www.caririemacao.com\/1\/wp-json\/wp\/v2\/posts"}],"about":[{"href":"https:\/\/www.caririemacao.com\/1\/wp-json\/wp\/v2\/types\/post"}],"author":[{"embeddable":true,"href":"https:\/\/www.caririemacao.com\/1\/wp-json\/wp\/v2\/users\/2"}],"replies":[{"embeddable":true,"href":"https:\/\/www.caririemacao.com\/1\/wp-json\/wp\/v2\/comments?post=82496"}],"version-history":[{"count":1,"href":"https:\/\/www.caririemacao.com\/1\/wp-json\/wp\/v2\/posts\/82496\/revisions"}],"predecessor-version":[{"id":82498,"href":"https:\/\/www.caririemacao.com\/1\/wp-json\/wp\/v2\/posts\/82496\/revisions\/82498"}],"wp:featuredmedia":[{"embeddable":true,"href":"https:\/\/www.caririemacao.com\/1\/wp-json\/wp\/v2\/media\/82497"}],"wp:attachment":[{"href":"https:\/\/www.caririemacao.com\/1\/wp-json\/wp\/v2\/media?parent=82496"}],"wp:term":[{"taxonomy":"category","embeddable":true,"href":"https:\/\/www.caririemacao.com\/1\/wp-json\/wp\/v2\/categories?post=82496"},{"taxonomy":"post_tag","embeddable":true,"href":"https:\/\/www.caririemacao.com\/1\/wp-json\/wp\/v2\/tags?post=82496"}],"curies":[{"name":"wp","href":"https:\/\/api.w.org\/{rel}","templated":true}]}}