{"id":82501,"date":"2019-01-29T22:33:32","date_gmt":"2019-01-30T01:33:32","guid":{"rendered":"http:\/\/www.caririemacao.com\/1\/?p=82501"},"modified":"2019-01-29T22:33:36","modified_gmt":"2019-01-30T01:33:36","slug":"sandro-moco-anuncia-pagamento-de-abono-salarial-aos-professores-da-rede-municipal","status":"publish","type":"post","link":"https:\/\/www.caririemacao.com\/1\/2019\/01\/29\/sandro-moco-anuncia-pagamento-de-abono-salarial-aos-professores-da-rede-municipal\/","title":{"rendered":"Sandro M\u00f4co anuncia pagamento de abono salarial aos professores da Rede Municipal"},"content":{"rendered":"\n<p>Mesmo diante de toda a crise econ\u00f4mica enfrentada pelo Brasil nos \u00faltimos anos, e mesmo estando em um munic\u00edpio com mais 6.000 habitantes, o Governo Municipal de Camala\u00fa pagar\u00e1 aos mais de 100 professores da rede municipal um abono salarial.<\/p>\n\n\n\n<p>O Governo Municipal sob a batuta do prefeito Sandro M\u00f4co, ir\u00e1 ratear em torno de 65.000,00 entre os docentes que integram a rede municipal de educa\u00e7\u00e3o de Camala\u00fa. O prefeito informa tamb\u00e9m que j\u00e1 enviou para a C\u00e2mara Municipal juntamente com o projeto que autoriza o pagamento do abono, o projeto que reajusta o sal\u00e1rio dos professores assim como tamb\u00e9m o projeto que reajusta o sal\u00e1rio dos demais funcion\u00e1rios. E n\u00e3o para por ai, pois o prefeito anunciou tamb\u00e9m o pagamento do ter\u00e7o de f\u00e9rias aos professores.<\/p>\n\n\n\n<p>O an\u00fancio de todas estas a\u00e7\u00f5es foi feito na abertura da semana pedag\u00f3gica, quando o prefeito fez uso da palavra agradecendo a todos os professores do munic\u00edpio de Camala\u00fa pelo brilhante trabalho realizado.<\/p>\n\n\n\n<p>Ascom<\/p>\n","protected":false},"excerpt":{"rendered":"<p>Mesmo diante de toda a crise econ\u00f4mica enfrentada pelo Brasil nos \u00faltimos anos, e mesmo estando em um munic\u00edpio com mais 6.000 habitantes, o Governo&hellip; <\/p>\n","protected":false},"author":2,"featured_media":61167,"comment_status":"closed","ping_status":"closed","sticky":false,"template":"","format":"standard","meta":{"sfsi_plus_gutenberg_text_before_share":"","sfsi_plus_gutenberg_show_text_before_share":"","sfsi_plus_gutenberg_icon_type":"","sfsi_plus_gutenberg_icon_alignemt":"","sfsi_plus_gutenburg_max_per_row":"","footnotes":""},"categories":[50,14],"tags":[],"class_list":["post-82501","post","type-post","status-publish","format-standard","has-post-thumbnail","hentry","category-destaque","category-educacao"],"_links":{"self":[{"href":"https:\/\/www.caririemacao.com\/1\/wp-json\/wp\/v2\/posts\/82501","targetHints":{"allow":["GET"]}}],"collection":[{"href":"https:\/\/www.caririemacao.com\/1\/wp-json\/wp\/v2\/posts"}],"about":[{"href":"https:\/\/www.caririemacao.com\/1\/wp-json\/wp\/v2\/types\/post"}],"author":[{"embeddable":true,"href":"https:\/\/www.caririemacao.com\/1\/wp-json\/wp\/v2\/users\/2"}],"replies":[{"embeddable":true,"href":"https:\/\/www.caririemacao.com\/1\/wp-json\/wp\/v2\/comments?post=82501"}],"version-history":[{"count":1,"href":"https:\/\/www.caririemacao.com\/1\/wp-json\/wp\/v2\/posts\/82501\/revisions"}],"predecessor-version":[{"id":82502,"href":"https:\/\/www.caririemacao.com\/1\/wp-json\/wp\/v2\/posts\/82501\/revisions\/82502"}],"wp:featuredmedia":[{"embeddable":true,"href":"https:\/\/www.caririemacao.com\/1\/wp-json\/wp\/v2\/media\/61167"}],"wp:attachment":[{"href":"https:\/\/www.caririemacao.com\/1\/wp-json\/wp\/v2\/media?parent=82501"}],"wp:term":[{"taxonomy":"category","embeddable":true,"href":"https:\/\/www.caririemacao.com\/1\/wp-json\/wp\/v2\/categories?post=82501"},{"taxonomy":"post_tag","embeddable":true,"href":"https:\/\/www.caririemacao.com\/1\/wp-json\/wp\/v2\/tags?post=82501"}],"curies":[{"name":"wp","href":"https:\/\/api.w.org\/{rel}","templated":true}]}}