{"id":82510,"date":"2019-01-30T07:48:44","date_gmt":"2019-01-30T10:48:44","guid":{"rendered":"http:\/\/www.caririemacao.com\/1\/?p=82510"},"modified":"2019-01-30T07:48:49","modified_gmt":"2019-01-30T10:48:49","slug":"pre-vestibular-da-ufcg-nos-campi-do-cariri-borborema-e-sertao-sao-destaque-no-sisu","status":"publish","type":"post","link":"https:\/\/www.caririemacao.com\/1\/2019\/01\/30\/pre-vestibular-da-ufcg-nos-campi-do-cariri-borborema-e-sertao-sao-destaque-no-sisu\/","title":{"rendered":"Pr\u00e9-Vestibular da UFCG nos Campi do Cariri, Borborema e Sert\u00e3o s\u00e3o destaque no SiSU"},"content":{"rendered":"\n<p>Quatro alunos do Projeto&nbsp;de Extens\u00e3o Pr\u00e9-Vestibular Solid\u00e1rio da Universidade Federal de Campina Grande (PVS\/UFCG), que atende jovens de escolas p\u00fablicas com aulas gratuitas preparat\u00f3rias para o Exame Nacional do ensino M\u00e9dio (Enem), foram destaque no Sistema de Sele\u00e7\u00e3o Unificada (SiSU) em cursos concorridos da Universidade.<\/p>\n\n\n\n<p>&nbsp;Lucas Rangel e David Ricardo foram aprovados em primeiro e terceiro lugar, respectivamente, no curso de Engenharia El\u00e9trica. J\u00e1 os alunos Vin\u00edcios Silva e Adelmo Medeiros, obtiveram a terceira coloca\u00e7\u00e3o em Engenharia de Biossistemas e Enfermagem, respectivamente.<\/p>\n\n\n\n<p>&nbsp;Com a m\u00e9dia 708,38 no Enem, o aluno Lucas Rangel, 17, desbancou centenas de candidatos que sonhavam com uma vaga no curso de Engenharia El\u00e9trica da UFCG, considerado um dos melhores do Pa\u00eds na \u00e1rea pelo Guia do Estudante. Primeiro colocado entre os 115 classificados no curso, Lucas diz que o Projeto PVS foi fundamental para sua aprova\u00e7\u00e3o.<\/p>\n\n\n\n<p>&nbsp;\u201cOs professores do cursinho s\u00e3o muito bons, mas a aprova\u00e7\u00e3o tamb\u00e9m depende muito do seu interesse nos estudos. Eu tive v\u00e1rios professores que ficaram comigo at\u00e9 depois do hor\u00e1rio das aulas tirando d\u00favidas\u201d, lembra Lucas.<\/p>\n\n\n\n<p>&nbsp;O PVS ainda teve outras duas alunas aprovadas na chamada regular do SiSU em cursos da UFCG: Sabrina Ferreira e Mariane Marques, nos cursos de Letras \u2013 Ingl\u00eas e Geografia, respectivamente. No total, foram seis os estudantes selecionados. De acordo com a coordena\u00e7\u00e3o do PVS, o n\u00famero tende a aumentar com as convoca\u00e7\u00f5es da lista de espera, que acontecem a partir do pr\u00f3ximo dia 7 de fevereiro na UFCG.&nbsp;<\/p>\n\n\n\n<p><strong>Sobre o PVS<\/strong>&nbsp;<\/p>\n\n\n\n<p>O Projeto de Extens\u00e3o Pr\u00e9-Vestibular Solid\u00e1rio (PVS)&nbsp;da UFCG visa ampliar as condi\u00e7\u00f5es de acesso e perman\u00eancia de jovens e adultos oriundos de escolas p\u00fablicas na educa\u00e7\u00e3o superior.&nbsp;Anualmente, atende cerca de 1,2 mil estudantes com aulas gratuitas nos&nbsp;<em>campi<\/em>&nbsp;de Campina Grande, Cuit\u00e9, Cajazeiras, Sum\u00e9 e Sousa.<\/p>\n\n\n\n<p>&nbsp;O edital de sele\u00e7\u00e3o para o campus de Campina Grande j\u00e1 est\u00e1 aberto, com prazo de inscri\u00e7\u00f5es&nbsp;entre os dias 11 a 15 de fevereiro. Est\u00e3o sendo ofertadas 350 vagas&nbsp;(<a href=\"http:\/\/www.ufcg.edu.br:8080\/chamadas\/downloads\/474016.pdf\" target=\"_blank\" rel=\"noreferrer noopener\">veja o edital<\/a>).<\/p>\n","protected":false},"excerpt":{"rendered":"<p>Quatro alunos do Projeto&nbsp;de Extens\u00e3o Pr\u00e9-Vestibular Solid\u00e1rio da Universidade Federal de Campina Grande (PVS\/UFCG), que atende jovens de escolas p\u00fablicas com aulas gratuitas preparat\u00f3rias para&hellip; <\/p>\n","protected":false},"author":1,"featured_media":50746,"comment_status":"closed","ping_status":"closed","sticky":false,"template":"","format":"standard","meta":{"sfsi_plus_gutenberg_text_before_share":"","sfsi_plus_gutenberg_show_text_before_share":"","sfsi_plus_gutenberg_icon_type":"","sfsi_plus_gutenberg_icon_alignemt":"","sfsi_plus_gutenburg_max_per_row":"","footnotes":""},"categories":[14],"tags":[],"class_list":["post-82510","post","type-post","status-publish","format-standard","has-post-thumbnail","hentry","category-educacao"],"_links":{"self":[{"href":"https:\/\/www.caririemacao.com\/1\/wp-json\/wp\/v2\/posts\/82510","targetHints":{"allow":["GET"]}}],"collection":[{"href":"https:\/\/www.caririemacao.com\/1\/wp-json\/wp\/v2\/posts"}],"about":[{"href":"https:\/\/www.caririemacao.com\/1\/wp-json\/wp\/v2\/types\/post"}],"author":[{"embeddable":true,"href":"https:\/\/www.caririemacao.com\/1\/wp-json\/wp\/v2\/users\/1"}],"replies":[{"embeddable":true,"href":"https:\/\/www.caririemacao.com\/1\/wp-json\/wp\/v2\/comments?post=82510"}],"version-history":[{"count":1,"href":"https:\/\/www.caririemacao.com\/1\/wp-json\/wp\/v2\/posts\/82510\/revisions"}],"predecessor-version":[{"id":82511,"href":"https:\/\/www.caririemacao.com\/1\/wp-json\/wp\/v2\/posts\/82510\/revisions\/82511"}],"wp:featuredmedia":[{"embeddable":true,"href":"https:\/\/www.caririemacao.com\/1\/wp-json\/wp\/v2\/media\/50746"}],"wp:attachment":[{"href":"https:\/\/www.caririemacao.com\/1\/wp-json\/wp\/v2\/media?parent=82510"}],"wp:term":[{"taxonomy":"category","embeddable":true,"href":"https:\/\/www.caririemacao.com\/1\/wp-json\/wp\/v2\/categories?post=82510"},{"taxonomy":"post_tag","embeddable":true,"href":"https:\/\/www.caririemacao.com\/1\/wp-json\/wp\/v2\/tags?post=82510"}],"curies":[{"name":"wp","href":"https:\/\/api.w.org\/{rel}","templated":true}]}}