{"id":82513,"date":"2019-01-30T07:51:07","date_gmt":"2019-01-30T10:51:07","guid":{"rendered":"http:\/\/www.caririemacao.com\/1\/?p=82513"},"modified":"2019-01-30T07:51:11","modified_gmt":"2019-01-30T10:51:11","slug":"prefeitura-de-monteiro-inicia-pagamento-de-janeiro-ao-funcionalismo-municipal","status":"publish","type":"post","link":"https:\/\/www.caririemacao.com\/1\/2019\/01\/30\/prefeitura-de-monteiro-inicia-pagamento-de-janeiro-ao-funcionalismo-municipal\/","title":{"rendered":"Prefeitura de Monteiro inicia pagamento de janeiro ao funcionalismo municipal"},"content":{"rendered":"\n<p>Cumprindo a meta de pagamento da folha dentro do m\u00eas trabalhado, a Secretaria de Finan\u00e7as encaminhou nesta ter\u00e7a-feira, 29, a libera\u00e7\u00e3o dos recursos destinados a folha de pessoa do funcionalismo.<\/p>\n\n\n\n<p>Nesta quarta-feira, 30, estar\u00e3o dispon\u00edveis para saque no Banco do Brasil os valores da folha salarial dos aposentados, pensionistas e inativos.<\/p>\n\n\n\n<p>J\u00e1 nesta quinta-feira, 31, ser\u00e3o liberados os saques dos demais servidores municipais.<\/p>\n\n\n\n<p>A comodidade em evitar longas filas e diminuir o risco de assaltos \u00e0 ag\u00eancia banc\u00e1ria tamb\u00e9m s\u00e3o preocupa\u00e7\u00f5es da Prefeitura de Monteiro, por isso a prefeita Anna Lorena decidiu continuar realizando o pagamento em dois dias.<\/p>\n\n\n\n<p>\u201cContinuamos o nosso compromisso de pagar a folha dentro do m\u00eas trabalhado. Isso fortalece a economia da nossa cidade, girando cerca de 2,4 milh\u00f5es de reais no com\u00e9rcio local\u201d, pontua a gestora.<\/p>\n","protected":false},"excerpt":{"rendered":"<p>Cumprindo a meta de pagamento da folha dentro do m\u00eas trabalhado, a Secretaria de Finan\u00e7as encaminhou nesta ter\u00e7a-feira, 29, a libera\u00e7\u00e3o dos recursos destinados a&hellip; <\/p>\n","protected":false},"author":1,"featured_media":36550,"comment_status":"closed","ping_status":"closed","sticky":false,"template":"","format":"standard","meta":{"sfsi_plus_gutenberg_text_before_share":"","sfsi_plus_gutenberg_show_text_before_share":"","sfsi_plus_gutenberg_icon_type":"","sfsi_plus_gutenberg_icon_alignemt":"","sfsi_plus_gutenburg_max_per_row":"","footnotes":""},"categories":[6],"tags":[],"class_list":["post-82513","post","type-post","status-publish","format-standard","has-post-thumbnail","hentry","category-cidades"],"_links":{"self":[{"href":"https:\/\/www.caririemacao.com\/1\/wp-json\/wp\/v2\/posts\/82513","targetHints":{"allow":["GET"]}}],"collection":[{"href":"https:\/\/www.caririemacao.com\/1\/wp-json\/wp\/v2\/posts"}],"about":[{"href":"https:\/\/www.caririemacao.com\/1\/wp-json\/wp\/v2\/types\/post"}],"author":[{"embeddable":true,"href":"https:\/\/www.caririemacao.com\/1\/wp-json\/wp\/v2\/users\/1"}],"replies":[{"embeddable":true,"href":"https:\/\/www.caririemacao.com\/1\/wp-json\/wp\/v2\/comments?post=82513"}],"version-history":[{"count":1,"href":"https:\/\/www.caririemacao.com\/1\/wp-json\/wp\/v2\/posts\/82513\/revisions"}],"predecessor-version":[{"id":82514,"href":"https:\/\/www.caririemacao.com\/1\/wp-json\/wp\/v2\/posts\/82513\/revisions\/82514"}],"wp:featuredmedia":[{"embeddable":true,"href":"https:\/\/www.caririemacao.com\/1\/wp-json\/wp\/v2\/media\/36550"}],"wp:attachment":[{"href":"https:\/\/www.caririemacao.com\/1\/wp-json\/wp\/v2\/media?parent=82513"}],"wp:term":[{"taxonomy":"category","embeddable":true,"href":"https:\/\/www.caririemacao.com\/1\/wp-json\/wp\/v2\/categories?post=82513"},{"taxonomy":"post_tag","embeddable":true,"href":"https:\/\/www.caririemacao.com\/1\/wp-json\/wp\/v2\/tags?post=82513"}],"curies":[{"name":"wp","href":"https:\/\/api.w.org\/{rel}","templated":true}]}}