{"id":82517,"date":"2019-01-30T07:57:17","date_gmt":"2019-01-30T10:57:17","guid":{"rendered":"http:\/\/www.caririemacao.com\/1\/?p=82517"},"modified":"2019-01-30T07:57:20","modified_gmt":"2019-01-30T10:57:20","slug":"bombeiros-da-pb-se-colocam-a-disposicao-para-ajudar-nas-buscas-em-mg","status":"publish","type":"post","link":"https:\/\/www.caririemacao.com\/1\/2019\/01\/30\/bombeiros-da-pb-se-colocam-a-disposicao-para-ajudar-nas-buscas-em-mg\/","title":{"rendered":"Bombeiros da PB se colocam a disposi\u00e7\u00e3o para ajudar nas buscas em MG"},"content":{"rendered":"\n<p>O Corpo de Bombeiros da Para\u00edba disponibilizou 16 soldados e dois c\u00e3es farejadores para ficar a disposi\u00e7\u00e3o do Governo de Minas Gerais no apoio \u00e0s buscas na trag\u00e9dia de Brumadinho.<\/p>\n\n\n\n<p>Houve o contato com os Bombeiros de Minas, onde foi feito o pedido do apoio. 13 dos selecionados na Para\u00edba s\u00e3o especializados em buscas e resgate em situa\u00e7\u00e3o de colapso e outros tr\u00eas s\u00e3o especializados em buscas com c\u00e3es.<\/p>\n\n\n\n<p>Para\u00edba Online <\/p>\n","protected":false},"excerpt":{"rendered":"<p>O Corpo de Bombeiros da Para\u00edba disponibilizou 16 soldados e dois c\u00e3es farejadores para ficar a disposi\u00e7\u00e3o do Governo de Minas Gerais no apoio \u00e0s&hellip; <\/p>\n","protected":false},"author":1,"featured_media":82518,"comment_status":"closed","ping_status":"closed","sticky":false,"template":"","format":"standard","meta":{"sfsi_plus_gutenberg_text_before_share":"","sfsi_plus_gutenberg_show_text_before_share":"","sfsi_plus_gutenberg_icon_type":"","sfsi_plus_gutenberg_icon_alignemt":"","sfsi_plus_gutenburg_max_per_row":"","footnotes":""},"categories":[2],"tags":[],"class_list":["post-82517","post","type-post","status-publish","format-standard","has-post-thumbnail","hentry","category-geral"],"_links":{"self":[{"href":"https:\/\/www.caririemacao.com\/1\/wp-json\/wp\/v2\/posts\/82517","targetHints":{"allow":["GET"]}}],"collection":[{"href":"https:\/\/www.caririemacao.com\/1\/wp-json\/wp\/v2\/posts"}],"about":[{"href":"https:\/\/www.caririemacao.com\/1\/wp-json\/wp\/v2\/types\/post"}],"author":[{"embeddable":true,"href":"https:\/\/www.caririemacao.com\/1\/wp-json\/wp\/v2\/users\/1"}],"replies":[{"embeddable":true,"href":"https:\/\/www.caririemacao.com\/1\/wp-json\/wp\/v2\/comments?post=82517"}],"version-history":[{"count":1,"href":"https:\/\/www.caririemacao.com\/1\/wp-json\/wp\/v2\/posts\/82517\/revisions"}],"predecessor-version":[{"id":82519,"href":"https:\/\/www.caririemacao.com\/1\/wp-json\/wp\/v2\/posts\/82517\/revisions\/82519"}],"wp:featuredmedia":[{"embeddable":true,"href":"https:\/\/www.caririemacao.com\/1\/wp-json\/wp\/v2\/media\/82518"}],"wp:attachment":[{"href":"https:\/\/www.caririemacao.com\/1\/wp-json\/wp\/v2\/media?parent=82517"}],"wp:term":[{"taxonomy":"category","embeddable":true,"href":"https:\/\/www.caririemacao.com\/1\/wp-json\/wp\/v2\/categories?post=82517"},{"taxonomy":"post_tag","embeddable":true,"href":"https:\/\/www.caririemacao.com\/1\/wp-json\/wp\/v2\/tags?post=82517"}],"curies":[{"name":"wp","href":"https:\/\/api.w.org\/{rel}","templated":true}]}}