{"id":82522,"date":"2019-01-30T08:00:05","date_gmt":"2019-01-30T11:00:05","guid":{"rendered":"http:\/\/www.caririemacao.com\/1\/?p=82522"},"modified":"2019-01-30T08:00:13","modified_gmt":"2019-01-30T11:00:13","slug":"juiza-nega-pedido-de-lula-para-ir-ao-velorio-do-irmao","status":"publish","type":"post","link":"https:\/\/www.caririemacao.com\/1\/2019\/01\/30\/juiza-nega-pedido-de-lula-para-ir-ao-velorio-do-irmao\/","title":{"rendered":"Ju\u00edza nega pedido de Lula para ir ao vel\u00f3rio do irm\u00e3o"},"content":{"rendered":"\n<p>A ju\u00edza federal Carolina Lebbos, da 12\u00aa Vara Criminal em Curitiba, negou pedido para que o ex-presidente Luiz In\u00e1cio Lula da Silva deixe a pris\u00e3o para comparecer ao vel\u00f3rio do irm\u00e3o, Genival In\u00e1cio da Silva, conhecido como Vav\u00e1, que morreu ontem (29), em decorr\u00eancia de c\u00e2ncer no pulm\u00e3o.&nbsp;<\/p>\n\n\n\n<p>Na despacho, a ju\u00edza entendeu que a decis\u00e3o final cabe \u00e0 Pol\u00edcia Federal (PF), que alegou dificuldades log\u00edsticas para realizar a viagem da superintend\u00eancia da corporac\u00e3o em Curitiba, onde Lula est\u00e1 preso, at\u00e9 o Cemit\u00e9rio Pauliceia, em S\u00e3o Bernardo do Campo (SP). O sepultamento est\u00e1 previsto para hoje (30), \u00e0s 13h.&nbsp;<\/p>\n\n\n\n<p>A PF tamb\u00e9m alegou que a presen\u00e7a do ex-presidente poderia tumultuar a ordem p\u00fablica, em raz\u00e3o de manifesta\u00e7\u00f5es de simpatizantes.&nbsp;<\/p>\n\n\n\n<p>&#8220;Este Ju\u00edzo n\u00e3o \u00e9 insens\u00edvel \u00e0 natureza do pedido formulado pela defesa. Todavia, ponderando-se os interesses envolvidos no quadro apresentado, a par da concreta impossibilidade log\u00edstica de proceder-se ao deslocamento, imp\u00f5e-se&nbsp;a preserva\u00e7\u00e3o da seguran\u00e7a p\u00fablica e da integridade f\u00edsica do pr\u00f3prio preso&#8221;, decidiu a ju\u00edza.<\/p>\n\n\n\n<p>A defesa de Lula alegou que a Lei de Execu\u00e7\u00e3o Penal (LEP) prev\u00ea que presos possam deixar as unidades para comparecer ao vel\u00f3rio de um parente pr\u00f3ximo.&nbsp;<\/p>\n\n\n\n<p>Lula est\u00e1 preso desde 7 de abril do ano passado por ter sua condena\u00e7\u00e3o no caso confirmada pelo Tribunal Regional Federal 4\u00aa Regi\u00e3o (TRF4), que imp\u00f4s pena de 12 anos e um m\u00eas de pris\u00e3o pelos crimes de corrup\u00e7\u00e3o passiva e lavagem de dinheiro no caso do tr\u00edplex do Guaruj\u00e1 (SP).<\/p>\n\n\n\n<p><\/p>\n\n\n\n<p>EBC<\/p>\n","protected":false},"excerpt":{"rendered":"<p>A ju\u00edza federal Carolina Lebbos, da 12\u00aa Vara Criminal em Curitiba, negou pedido para que o ex-presidente Luiz In\u00e1cio Lula da Silva deixe a pris\u00e3o&hellip; <\/p>\n","protected":false},"author":1,"featured_media":46472,"comment_status":"closed","ping_status":"closed","sticky":false,"template":"","format":"standard","meta":{"sfsi_plus_gutenberg_text_before_share":"","sfsi_plus_gutenberg_show_text_before_share":"","sfsi_plus_gutenberg_icon_type":"","sfsi_plus_gutenberg_icon_alignemt":"","sfsi_plus_gutenburg_max_per_row":"","footnotes":""},"categories":[50,11],"tags":[],"class_list":["post-82522","post","type-post","status-publish","format-standard","has-post-thumbnail","hentry","category-destaque","category-politica"],"_links":{"self":[{"href":"https:\/\/www.caririemacao.com\/1\/wp-json\/wp\/v2\/posts\/82522","targetHints":{"allow":["GET"]}}],"collection":[{"href":"https:\/\/www.caririemacao.com\/1\/wp-json\/wp\/v2\/posts"}],"about":[{"href":"https:\/\/www.caririemacao.com\/1\/wp-json\/wp\/v2\/types\/post"}],"author":[{"embeddable":true,"href":"https:\/\/www.caririemacao.com\/1\/wp-json\/wp\/v2\/users\/1"}],"replies":[{"embeddable":true,"href":"https:\/\/www.caririemacao.com\/1\/wp-json\/wp\/v2\/comments?post=82522"}],"version-history":[{"count":1,"href":"https:\/\/www.caririemacao.com\/1\/wp-json\/wp\/v2\/posts\/82522\/revisions"}],"predecessor-version":[{"id":82523,"href":"https:\/\/www.caririemacao.com\/1\/wp-json\/wp\/v2\/posts\/82522\/revisions\/82523"}],"wp:featuredmedia":[{"embeddable":true,"href":"https:\/\/www.caririemacao.com\/1\/wp-json\/wp\/v2\/media\/46472"}],"wp:attachment":[{"href":"https:\/\/www.caririemacao.com\/1\/wp-json\/wp\/v2\/media?parent=82522"}],"wp:term":[{"taxonomy":"category","embeddable":true,"href":"https:\/\/www.caririemacao.com\/1\/wp-json\/wp\/v2\/categories?post=82522"},{"taxonomy":"post_tag","embeddable":true,"href":"https:\/\/www.caririemacao.com\/1\/wp-json\/wp\/v2\/tags?post=82522"}],"curies":[{"name":"wp","href":"https:\/\/api.w.org\/{rel}","templated":true}]}}