{"id":82525,"date":"2019-01-30T08:04:04","date_gmt":"2019-01-30T11:04:04","guid":{"rendered":"http:\/\/www.caririemacao.com\/1\/?p=82525"},"modified":"2019-01-30T08:04:09","modified_gmt":"2019-01-30T11:04:09","slug":"bolsonaro-retoma-hoje-despachos-com-assessores-em-gabinete-provisorio","status":"publish","type":"post","link":"https:\/\/www.caririemacao.com\/1\/2019\/01\/30\/bolsonaro-retoma-hoje-despachos-com-assessores-em-gabinete-provisorio\/","title":{"rendered":"Bolsonaro retoma hoje despachos com assessores em gabinete provis\u00f3rio"},"content":{"rendered":"\n<p>O presidente Jair Bolsonaro deve\u00a0volvotartar \u00e0s atividades\u00a0hoje (30) de manh\u00e3, segundo previs\u00e3o do porta-voz da Presid\u00eancia da Rep\u00fablica, Ot\u00e1vio do R\u00eago Barros. Ele vai despachar no gabinete montado no pr\u00f3prio hospital. Por 48 horas, o vice-presidente Hamilton Mour\u00e3o assumiu o exerc\u00edcio da Presid\u00eancia da Rep\u00fablica.<\/p>\n\n\n\n<p>De acordo com R\u00eago Barros, ao lado do quarto onde o presidente estar\u00e1 em recupera\u00e7\u00e3o o Gabinete de Seguran\u00e7a Institucional organizou um espa\u00e7o, com equipamentos e estrutura t\u00e9cnica, que permitir\u00e1 a Bolsonaro orientar seus ministros e conceder audi\u00eancias.<\/p>\n\n\n\n<p>H\u00e1 dois dias, Bolsonaro passou por sete horas de cirurgia para reconstru\u00e7\u00e3o do tr\u00e2nsito intestinal e retirada da bolsa de colostomia, que ele usava desde setembro quando foi atacado com uma facada durante ato pol\u00edtico em Juiz de Fora, Minas Gerais.<\/p>\n\n\n\n<p>Ontem (28), segundo o porta-voz, o presidente teve\u00a0evolu\u00e7\u00e3o cl\u00ednica positiva: sentou-se em uma poltrona e fez fisioterapia motora e respirat\u00f3ria. Ele se manteve est\u00e1vel durante o dia, sem sangramentos e qualquer complica\u00e7\u00e3o. O presidente permanece em jejum oral, recebendo analg\u00e9sicos e hidrata\u00e7\u00e3o endovenosa.<\/p>\n\n\n\n<p>As visitas est\u00e3o limitadas \u00e0 fam\u00edlia. Permanecem no hospital a primeira-dama Michele e o filho Carlos Bolsonaro. O general Augusto Heleno, que acompanhava o presidente, j\u00e1 foi embora.<\/p>\n\n\n\n<p><\/p>\n\n\n\n<p>EBC<\/p>\n","protected":false},"excerpt":{"rendered":"<p>O presidente Jair Bolsonaro deve\u00a0volvotartar \u00e0s atividades\u00a0hoje (30) de manh\u00e3, segundo previs\u00e3o do porta-voz da Presid\u00eancia da Rep\u00fablica, Ot\u00e1vio do R\u00eago Barros. Ele vai despachar&hellip; <\/p>\n","protected":false},"author":1,"featured_media":82526,"comment_status":"closed","ping_status":"closed","sticky":false,"template":"","format":"standard","meta":{"sfsi_plus_gutenberg_text_before_share":"","sfsi_plus_gutenberg_show_text_before_share":"","sfsi_plus_gutenberg_icon_type":"","sfsi_plus_gutenberg_icon_alignemt":"","sfsi_plus_gutenburg_max_per_row":"","footnotes":""},"categories":[11],"tags":[],"class_list":["post-82525","post","type-post","status-publish","format-standard","has-post-thumbnail","hentry","category-politica"],"_links":{"self":[{"href":"https:\/\/www.caririemacao.com\/1\/wp-json\/wp\/v2\/posts\/82525","targetHints":{"allow":["GET"]}}],"collection":[{"href":"https:\/\/www.caririemacao.com\/1\/wp-json\/wp\/v2\/posts"}],"about":[{"href":"https:\/\/www.caririemacao.com\/1\/wp-json\/wp\/v2\/types\/post"}],"author":[{"embeddable":true,"href":"https:\/\/www.caririemacao.com\/1\/wp-json\/wp\/v2\/users\/1"}],"replies":[{"embeddable":true,"href":"https:\/\/www.caririemacao.com\/1\/wp-json\/wp\/v2\/comments?post=82525"}],"version-history":[{"count":1,"href":"https:\/\/www.caririemacao.com\/1\/wp-json\/wp\/v2\/posts\/82525\/revisions"}],"predecessor-version":[{"id":82527,"href":"https:\/\/www.caririemacao.com\/1\/wp-json\/wp\/v2\/posts\/82525\/revisions\/82527"}],"wp:featuredmedia":[{"embeddable":true,"href":"https:\/\/www.caririemacao.com\/1\/wp-json\/wp\/v2\/media\/82526"}],"wp:attachment":[{"href":"https:\/\/www.caririemacao.com\/1\/wp-json\/wp\/v2\/media?parent=82525"}],"wp:term":[{"taxonomy":"category","embeddable":true,"href":"https:\/\/www.caririemacao.com\/1\/wp-json\/wp\/v2\/categories?post=82525"},{"taxonomy":"post_tag","embeddable":true,"href":"https:\/\/www.caririemacao.com\/1\/wp-json\/wp\/v2\/tags?post=82525"}],"curies":[{"name":"wp","href":"https:\/\/api.w.org\/{rel}","templated":true}]}}