{"id":82529,"date":"2019-01-30T08:07:18","date_gmt":"2019-01-30T11:07:18","guid":{"rendered":"http:\/\/www.caririemacao.com\/1\/?p=82529"},"modified":"2019-01-30T08:07:21","modified_gmt":"2019-01-30T11:07:21","slug":"inscricoes-para-o-prouni-comecam-nesta-quinta-feira","status":"publish","type":"post","link":"https:\/\/www.caririemacao.com\/1\/2019\/01\/30\/inscricoes-para-o-prouni-comecam-nesta-quinta-feira\/","title":{"rendered":"Inscri\u00e7\u00f5es para o ProUni come\u00e7am nesta quinta-feira"},"content":{"rendered":"\n<p>As inscri\u00e7\u00f5es para o Programa Universidade para Todos (ProUni) come\u00e7am amanh\u00e3 (31), mas, desde j\u00e1, os estudantes j\u00e1 podem se planejar, de acordo com dicas de especialistas entrevistados pela&nbsp;<strong>Ag\u00eancia Brasil<\/strong>. Os candidatos podem, por exemplo, preparar listas de cursos que interessam, avaliando as possibilidades de serem aprovados e separar os documentos necess\u00e1rios para comprovar que preenchem os requisitos exigidos pelo programa.<\/p>\n\n\n\n<p>A dica do analista de Ensino Superior do Quero Bolsa, Pedro Am\u00e2ncio, \u00e9 selecionar as institui\u00e7\u00f5es de ensino, levando em considera\u00e7\u00e3o tanto a nota de corte quanto a dist\u00e2ncia e o custo de vida para estudar nelas.<\/p>\n\n\n\n<p>Os estudantes podem ainda come\u00e7ar a reunir a documenta\u00e7\u00e3o necess\u00e1ria para a aprova\u00e7\u00e3o da concess\u00e3o da bolsa. \u201cMuitos alunos acabam perdendo a bolsa por n\u00e3o ler direito o edital. Eles t\u00eam que ter documento que valide as informa\u00e7\u00f5es prestadas\u201d, diz.<\/p>\n\n\n\n<p>Para verificar a possibilidade de ser aprovado, o Quero Bolsa oferece, gratuitamente, um&nbsp;<a href=\"https:\/\/querobolsa.com.br\/prouni\/notas-de-corte\" target=\"_blank\" rel=\"noreferrer noopener\">simulado<\/a>&nbsp;com as notas de corte de cada curso em edi\u00e7\u00f5es anteriores do ProUni. Os estudantes podem, por meio dele, verificar se a nota que obtiveram no Exame Nacional do Ensino M\u00e9dio (Enem) \u00e9 suficiente para conseguir uma das bolsas.<\/p>\n\n\n\n<p><strong>Aten\u00e7\u00e3o<\/strong><\/p>\n\n\n\n<p>Depois de fazer a inscri\u00e7\u00e3o, os estudantes devem ficar atentos \u00e0 p\u00e1gina do ProUni porque nela ser\u00e3o divulgadas as notas de corte. Tratam-se de estimativas feitas com as inscri\u00e7\u00f5es realizadas at\u00e9 ent\u00e3o. N\u00e3o s\u00e3o garantia de vaga, mas podem orientar a escolha, segundo o diretor do Centro de Ensino M\u00e9dio 404, em Santa Maria, no Distrito Federal, Felipe de Lemos Cabral. &nbsp;<\/p>\n\n\n\n<p>\u201cO candidato tem que ficar atento o tempo todo. Ele tem direito a colocar duas op\u00e7\u00f5es de curso e a possibilidade de trocar enquanto a inscri\u00e7\u00e3o estiver aberta\u201d, afirma. \u201cComo a nota de corte varia muito, \u00e9 dif\u00edcil falar em uma quantidade de pontos suficientes para que o estudante entre no curso. Se estiver abaixo da nota de corte, j\u00e1 est\u00e1 correndo risco de ficar de fora\u201d, acrescenta.<\/p>\n\n\n\n<p>Cabral \u00e9 tamb\u00e9m coordenador pedag\u00f3gico do cursinho popular&nbsp;<a href=\"https:\/\/www.facebook.com\/EmancipaDF\/\" target=\"_blank\" rel=\"noreferrer noopener\">Emancipa DF<\/a>, cujo foco \u00e9 a prepara\u00e7\u00e3o para o Enem. Em mar\u00e7o, o curso que \u00e9 gratuito e oferecido em escolas p\u00fablicas de Planaltina, Santa Maria e Ceil\u00e2ndia, regi\u00f5es administrativas do Distrito Federal, abre as inscri\u00e7\u00f5es.<\/p>\n\n\n\n<p><strong>Calend\u00e1rio<\/strong><\/p>\n\n\n\n<p>As inscri\u00e7\u00f5es para o ProUni poder\u00e3o ser feitas de 31 de janeiro a 3 de fevereiro. Os resultados da primeira chamada ser\u00e3o divulgados no dia 6 de fevereiro. Os da segunda chamada, no dia 20 de fevereiro.<\/p>\n\n\n\n<p>O candidato pr\u00e9-selecionado na primeira chamada dever\u00e1 comparecer \u00e0 institui\u00e7\u00e3o para comprovar as informa\u00e7\u00f5es prestadas em sua inscri\u00e7\u00e3o e eventual participa\u00e7\u00e3o em processo seletivo pr\u00f3prio da institui\u00e7\u00e3o, quando for o caso, de 6 a 14 de fevereiro. Os pr\u00e9-selecionados na segunda chamada, de 20 a 27 de fevereiro.<\/p>\n\n\n\n<p>O registro da aprova\u00e7\u00e3o ou reprova\u00e7\u00e3o dos candidatos no Sistema Informatizado do Prouni e a emiss\u00e3o dos respectivos termos de Concess\u00e3o de Bolsa ou termos de Reprova\u00e7\u00e3o pelas institui\u00e7\u00f5es de ensino dever\u00e3o ser feitos entre os dias 6 a 18 de fevereiro para os selecionados na primeira chamada e entre 20 de fevereiro e 1\u00ba de mar\u00e7o para os selecionados na segunda chamada.<\/p>\n\n\n\n<p><strong>Quem pode participar<\/strong><\/p>\n\n\n\n<p>O ProUni oferece bolsas de estudo em institui\u00e7\u00f5es privadas de ensino superior. &nbsp;O programa \u00e9 voltado \u00e0queles que fizeram o Exame Nacional do Ensino M\u00e9dio (Enem) de 2018, alcan\u00e7aram no m\u00ednimo 450 pontos e tiraram nota superior a zero na reda\u00e7\u00e3o. &nbsp;<\/p>\n\n\n\n<p>Al\u00e9m disso, s\u00f3 podem participar alunos brasileiros sem curso superior e que tenham feito o ensino m\u00e9dio completo na rede p\u00fablica ou como bolsista integral na rede privada, alunos que fizeram parte do ensino m\u00e9dio na rede p\u00fablica e a outra parte na rede privada, na condi\u00e7\u00e3o de bolsista ou que sejam deficientes f\u00edsicos.&nbsp;<\/p>\n\n\n\n<p>As bolsas integrais s\u00e3o voltadas \u00e0queles com renda familiar&nbsp;<em>per capita<\/em>&nbsp;de at\u00e9 um sal\u00e1rio m\u00ednimo e meio. As bolsas parciais de 50% s\u00e3o destinadas aos alunos que t\u00eam renda familiar&nbsp;<em>per capita<\/em>&nbsp;de at\u00e9 tr\u00eas sal\u00e1rios m\u00ednimos. Professores da rede p\u00fablica de ensino tamb\u00e9m podem concorrer a bolsa e n\u00e3o precisam atender aos crit\u00e9rios de renda<\/p>\n","protected":false},"excerpt":{"rendered":"<p>As inscri\u00e7\u00f5es para o Programa Universidade para Todos (ProUni) come\u00e7am amanh\u00e3 (31), mas, desde j\u00e1, os estudantes j\u00e1 podem se planejar, de acordo com dicas&hellip; <\/p>\n","protected":false},"author":1,"featured_media":59541,"comment_status":"closed","ping_status":"closed","sticky":false,"template":"","format":"standard","meta":{"sfsi_plus_gutenberg_text_before_share":"","sfsi_plus_gutenberg_show_text_before_share":"","sfsi_plus_gutenberg_icon_type":"","sfsi_plus_gutenberg_icon_alignemt":"","sfsi_plus_gutenburg_max_per_row":"","footnotes":""},"categories":[14],"tags":[],"class_list":["post-82529","post","type-post","status-publish","format-standard","has-post-thumbnail","hentry","category-educacao"],"_links":{"self":[{"href":"https:\/\/www.caririemacao.com\/1\/wp-json\/wp\/v2\/posts\/82529","targetHints":{"allow":["GET"]}}],"collection":[{"href":"https:\/\/www.caririemacao.com\/1\/wp-json\/wp\/v2\/posts"}],"about":[{"href":"https:\/\/www.caririemacao.com\/1\/wp-json\/wp\/v2\/types\/post"}],"author":[{"embeddable":true,"href":"https:\/\/www.caririemacao.com\/1\/wp-json\/wp\/v2\/users\/1"}],"replies":[{"embeddable":true,"href":"https:\/\/www.caririemacao.com\/1\/wp-json\/wp\/v2\/comments?post=82529"}],"version-history":[{"count":1,"href":"https:\/\/www.caririemacao.com\/1\/wp-json\/wp\/v2\/posts\/82529\/revisions"}],"predecessor-version":[{"id":82530,"href":"https:\/\/www.caririemacao.com\/1\/wp-json\/wp\/v2\/posts\/82529\/revisions\/82530"}],"wp:featuredmedia":[{"embeddable":true,"href":"https:\/\/www.caririemacao.com\/1\/wp-json\/wp\/v2\/media\/59541"}],"wp:attachment":[{"href":"https:\/\/www.caririemacao.com\/1\/wp-json\/wp\/v2\/media?parent=82529"}],"wp:term":[{"taxonomy":"category","embeddable":true,"href":"https:\/\/www.caririemacao.com\/1\/wp-json\/wp\/v2\/categories?post=82529"},{"taxonomy":"post_tag","embeddable":true,"href":"https:\/\/www.caririemacao.com\/1\/wp-json\/wp\/v2\/tags?post=82529"}],"curies":[{"name":"wp","href":"https:\/\/api.w.org\/{rel}","templated":true}]}}