{"id":82540,"date":"2019-01-30T08:27:14","date_gmt":"2019-01-30T11:27:14","guid":{"rendered":"http:\/\/www.caririemacao.com\/1\/?p=82540"},"modified":"2019-01-30T08:27:18","modified_gmt":"2019-01-30T11:27:18","slug":"flavio-bolsonaro-deixara-a-presidencia-do-psl-no-rio","status":"publish","type":"post","link":"https:\/\/www.caririemacao.com\/1\/2019\/01\/30\/flavio-bolsonaro-deixara-a-presidencia-do-psl-no-rio\/","title":{"rendered":"Fl\u00e1vio Bolsonaro deixar\u00e1 a presid\u00eancia do PSL no Rio"},"content":{"rendered":"\n<p>O senador eleito Fl\u00e1vio Bolsonaro vai deixar a presid\u00eancia do PSL no Rio de Janeiro. O filho do presidente Jair Bolsonaro est\u00e1 no cargo desde que a fam\u00edlia decidiu migrar do PSC para o PSL. \u00c0 \u00e9poca, em 2018, ele assumiu o cargo interinamente, em um mandato que ia at\u00e9 o dia 30 de junho deste ano. No entanto, ele deve deixar o posto j\u00e1 em fevereiro.<\/p>\n\n\n\n<p>&#8220;J\u00e1 cumpri minha miss\u00e3o, que era estruturar o partido, em poucos meses, para a disputa eleitoral. No Rio, elegemos as maiores bancadas para a Assembleia Legislativa e para a C\u00e2mara dos Deputados. Agora, vou assumir a cadeira no Senado, onde tratarei das quest\u00f5es nacionais. Serei um defensor do Estado do Rio de Janeiro em Bras\u00edlia&#8221;, disse Fl\u00e1vio Bolsonaro, por meio de nota da sua assessoria.<\/p>\n\n\n\n<p>Como apurado pelo &#8216;Globo&#8217;, h\u00e1 quatro nomes entre os favoritos para a sucess\u00e3o de Fl\u00e1vio: o empres\u00e1rio Paulo Marinho, 1\u00ba suplente de Fl\u00e1vio no Senado, o secret\u00e1rio de Ci\u00eancia e Tecnologia do governo do Rio, Leonardo Rodrigues, o deputado federal M\u00e1rcio Labre e a deputada estadual Alana Passos. Como explica a publica\u00e7\u00e3o, a decis\u00e3o deve acontecer por consenso entre os l\u00edderes do partido, incluindo o presidente Jair Bolsonaro.<\/p>\n\n\n\n<p>Ainda de acordo com a reportagem, o afastamento antecipado do cargo seria para preparar a defesa no caso revelado pelo Conselho de Controle de Atividades Financeiras (Coaf), que exp\u00f5e movimenta\u00e7\u00f5es financeiras at\u00edpicas em sua conta e na de seu ex-assessor Fabr\u00edcio Queiroz.<\/p>\n\n\n\n<p><\/p>\n\n\n\n<p>Not\u00edcias ao Minuto<\/p>\n","protected":false},"excerpt":{"rendered":"<p>O senador eleito Fl\u00e1vio Bolsonaro vai deixar a presid\u00eancia do PSL no Rio de Janeiro. O filho do presidente Jair Bolsonaro est\u00e1 no cargo desde&hellip; <\/p>\n","protected":false},"author":1,"featured_media":82541,"comment_status":"closed","ping_status":"closed","sticky":false,"template":"","format":"standard","meta":{"sfsi_plus_gutenberg_text_before_share":"","sfsi_plus_gutenberg_show_text_before_share":"","sfsi_plus_gutenberg_icon_type":"","sfsi_plus_gutenberg_icon_alignemt":"","sfsi_plus_gutenburg_max_per_row":"","footnotes":""},"categories":[11],"tags":[],"class_list":["post-82540","post","type-post","status-publish","format-standard","has-post-thumbnail","hentry","category-politica"],"_links":{"self":[{"href":"https:\/\/www.caririemacao.com\/1\/wp-json\/wp\/v2\/posts\/82540","targetHints":{"allow":["GET"]}}],"collection":[{"href":"https:\/\/www.caririemacao.com\/1\/wp-json\/wp\/v2\/posts"}],"about":[{"href":"https:\/\/www.caririemacao.com\/1\/wp-json\/wp\/v2\/types\/post"}],"author":[{"embeddable":true,"href":"https:\/\/www.caririemacao.com\/1\/wp-json\/wp\/v2\/users\/1"}],"replies":[{"embeddable":true,"href":"https:\/\/www.caririemacao.com\/1\/wp-json\/wp\/v2\/comments?post=82540"}],"version-history":[{"count":1,"href":"https:\/\/www.caririemacao.com\/1\/wp-json\/wp\/v2\/posts\/82540\/revisions"}],"predecessor-version":[{"id":82542,"href":"https:\/\/www.caririemacao.com\/1\/wp-json\/wp\/v2\/posts\/82540\/revisions\/82542"}],"wp:featuredmedia":[{"embeddable":true,"href":"https:\/\/www.caririemacao.com\/1\/wp-json\/wp\/v2\/media\/82541"}],"wp:attachment":[{"href":"https:\/\/www.caririemacao.com\/1\/wp-json\/wp\/v2\/media?parent=82540"}],"wp:term":[{"taxonomy":"category","embeddable":true,"href":"https:\/\/www.caririemacao.com\/1\/wp-json\/wp\/v2\/categories?post=82540"},{"taxonomy":"post_tag","embeddable":true,"href":"https:\/\/www.caririemacao.com\/1\/wp-json\/wp\/v2\/tags?post=82540"}],"curies":[{"name":"wp","href":"https:\/\/api.w.org\/{rel}","templated":true}]}}