{"id":82547,"date":"2019-01-30T08:34:31","date_gmt":"2019-01-30T11:34:31","guid":{"rendered":"http:\/\/www.caririemacao.com\/1\/?p=82547"},"modified":"2019-01-30T08:34:39","modified_gmt":"2019-01-30T11:34:39","slug":"prazo-para-pagar-ipva-de-placa-final-1-com-desconto-10-termina-nesta-quinta-feira","status":"publish","type":"post","link":"https:\/\/www.caririemacao.com\/1\/2019\/01\/30\/prazo-para-pagar-ipva-de-placa-final-1-com-desconto-10-termina-nesta-quinta-feira\/","title":{"rendered":"Prazo para pagar IPVA de placa final 1 com desconto 10% termina nesta quinta-feira"},"content":{"rendered":"\n<p>Para os contribuintes paraibanos com ve\u00edculos de placa final 1, que v\u00e3o optar pelo pagamento da cota \u00fanica \u00e0 vista do IPVA (Imposto Sobre a Propriedade de Ve\u00edculos Automotores), o prazo final termina nesta pr\u00f3xima quinta-feira, dia 31 de janeiro.&nbsp;Os propriet\u00e1rios t\u00eam outras duas op\u00e7\u00f5es. O parcelamento em tr\u00eas vezes sem desconto, sendo a primeira com vencimento no dia 31 deste m\u00eas e a outra op\u00e7\u00e3o \u00e9 o pagamento total do IPVA apenas no dia 29 de mar\u00e7o, tamb\u00e9m sem desconto de 10%.<\/p>\n\n\n\n<p>A Receita Estadual lan\u00e7ou 70,312 mil documentos para serem emitidos com final de placa final 1. O boleto do IPVA somente pode ser impresso na internet&nbsp;<a href=\"http:\/\/www.receita.pb.gov.br\/ser\/info\/ipva\">por meio do link<\/a>ou no&nbsp;<a href=\"http:\/\/www.detran.pb.gov.br\/\">site do Detran-PB<\/a>ou ent\u00e3o impresso nas reparti\u00e7\u00f5es fiscais e nas unidades do Detran-PB ou nos terminais de autoatendimento instalados pelo Departamento Estadual de Tr\u00e2nsito da Para\u00edba (Detran-PB).<br><\/p>\n\n\n\n<p>Onde pagar \u2013 Al\u00e9m dos guich\u00eas das ag\u00eancias do banco do Brasil e dos caixas de autoatendimento, os contribuintes poder\u00e3o pagar de forma mais pr\u00e1tica no mobile banking \u2013 aplicativo para aparelhos m\u00f3veis como smartphones.<br><\/p>\n\n\n\n<p>Comprova\u00e7\u00e3o da isen\u00e7\u00e3o &#8211; Os propriet\u00e1rios de ve\u00edculos de placa final 1 no Estado da Para\u00edba, que fizeram o requerimento para ter isen\u00e7\u00e3o do IPVA no ano passado, t\u00eam tamb\u00e9m at\u00e9 esta pr\u00f3xima quinta-feira (31) para realizar a comprova\u00e7\u00e3o dos documentos do requerimento em uma reparti\u00e7\u00e3o fiscal mais pr\u00f3xima do seu domic\u00edlio.<br><\/p>\n\n\n\n<p>&nbsp;Categorias como, por exemplo, taxistas, portadores de defici\u00eancia (f\u00edsica, visual, mental ou autista), ve\u00edculos cadastrados no Minist\u00e9rio do Turismo na qualidade de transporte tur\u00edstico; motofrentistas e de motoboys at\u00e9 150 cc (cilindradas), de placa final 1, que requereram no ano passado a isen\u00e7\u00e3o do IPVA, precisam levar agora a comprova\u00e7\u00e3o de documentos para gozar do direito da isen\u00e7\u00e3o em 2019. Neste mesmo dia, essas categorias j\u00e1 podem requerer a isen\u00e7\u00e3o de 2020.<\/p>\n","protected":false},"excerpt":{"rendered":"<p>Para os contribuintes paraibanos com ve\u00edculos de placa final 1, que v\u00e3o optar pelo pagamento da cota \u00fanica \u00e0 vista do IPVA (Imposto Sobre a&hellip; <\/p>\n","protected":false},"author":1,"featured_media":82548,"comment_status":"closed","ping_status":"closed","sticky":false,"template":"","format":"standard","meta":{"sfsi_plus_gutenberg_text_before_share":"","sfsi_plus_gutenberg_show_text_before_share":"","sfsi_plus_gutenberg_icon_type":"","sfsi_plus_gutenberg_icon_alignemt":"","sfsi_plus_gutenburg_max_per_row":"","footnotes":""},"categories":[2],"tags":[],"class_list":["post-82547","post","type-post","status-publish","format-standard","has-post-thumbnail","hentry","category-geral"],"_links":{"self":[{"href":"https:\/\/www.caririemacao.com\/1\/wp-json\/wp\/v2\/posts\/82547","targetHints":{"allow":["GET"]}}],"collection":[{"href":"https:\/\/www.caririemacao.com\/1\/wp-json\/wp\/v2\/posts"}],"about":[{"href":"https:\/\/www.caririemacao.com\/1\/wp-json\/wp\/v2\/types\/post"}],"author":[{"embeddable":true,"href":"https:\/\/www.caririemacao.com\/1\/wp-json\/wp\/v2\/users\/1"}],"replies":[{"embeddable":true,"href":"https:\/\/www.caririemacao.com\/1\/wp-json\/wp\/v2\/comments?post=82547"}],"version-history":[{"count":1,"href":"https:\/\/www.caririemacao.com\/1\/wp-json\/wp\/v2\/posts\/82547\/revisions"}],"predecessor-version":[{"id":82549,"href":"https:\/\/www.caririemacao.com\/1\/wp-json\/wp\/v2\/posts\/82547\/revisions\/82549"}],"wp:featuredmedia":[{"embeddable":true,"href":"https:\/\/www.caririemacao.com\/1\/wp-json\/wp\/v2\/media\/82548"}],"wp:attachment":[{"href":"https:\/\/www.caririemacao.com\/1\/wp-json\/wp\/v2\/media?parent=82547"}],"wp:term":[{"taxonomy":"category","embeddable":true,"href":"https:\/\/www.caririemacao.com\/1\/wp-json\/wp\/v2\/categories?post=82547"},{"taxonomy":"post_tag","embeddable":true,"href":"https:\/\/www.caririemacao.com\/1\/wp-json\/wp\/v2\/tags?post=82547"}],"curies":[{"name":"wp","href":"https:\/\/api.w.org\/{rel}","templated":true}]}}