{"id":82550,"date":"2019-01-30T08:38:04","date_gmt":"2019-01-30T11:38:04","guid":{"rendered":"http:\/\/www.caririemacao.com\/1\/?p=82550"},"modified":"2019-01-30T08:38:07","modified_gmt":"2019-01-30T11:38:07","slug":"idoso-suspeito-de-fabricar-armas-artesanais-e-preso-no-agreste","status":"publish","type":"post","link":"https:\/\/www.caririemacao.com\/1\/2019\/01\/30\/idoso-suspeito-de-fabricar-armas-artesanais-e-preso-no-agreste\/","title":{"rendered":"Idoso suspeito de fabricar armas artesanais \u00e9 preso no Agreste"},"content":{"rendered":"\n<p>Ap\u00f3s a Pol\u00edcia Militar receber uma den\u00fancia an\u00f4nima informando que no S\u00edtio Quirino, zona rural do munic\u00edpio de Juarez T\u00e1vora, teria uma f\u00e1brica de armas de fogo artesanais, os policiais da 2\u00aa Companhia do 4\u00ba BPM (Batalh\u00e3o de Pol\u00edcia Militar) prenderam nesta ter\u00e7a-feira (29) o suspeito, que tem 71 anos de idade, e apreenderam sete espingardas de fabrica\u00e7\u00e3o, uma que estava com ele no momento da abordagem e seis na sua resid\u00eancia.<\/p>\n\n\n\n<p>A guarni\u00e7\u00e3o recebeu a informa\u00e7\u00e3o an\u00f4nima e, ao realizar rondas pelo local informando, visualizou o suspeito manuseando uma espingarda do tipo soca.<\/p>\n\n\n\n<p>Ele foi abordado pelos policiais e, sem esbo\u00e7ar qualquer rea\u00e7\u00e3o e de forma espont\u00e2nea, entregou a arma que portava e apresentou seis outras espingardas do mesmo tipo que estavam na sua casa. As armas e o suspeito foram conduzidos \u00e0 delegacia<\/p>\n\n\n\n<p><strong>MaisPB<\/strong><\/p>\n","protected":false},"excerpt":{"rendered":"<p>Ap\u00f3s a Pol\u00edcia Militar receber uma den\u00fancia an\u00f4nima informando que no S\u00edtio Quirino, zona rural do munic\u00edpio de Juarez T\u00e1vora, teria uma f\u00e1brica de armas&hellip; <\/p>\n","protected":false},"author":1,"featured_media":82551,"comment_status":"closed","ping_status":"closed","sticky":false,"template":"","format":"standard","meta":{"sfsi_plus_gutenberg_text_before_share":"","sfsi_plus_gutenberg_show_text_before_share":"","sfsi_plus_gutenberg_icon_type":"","sfsi_plus_gutenberg_icon_alignemt":"","sfsi_plus_gutenburg_max_per_row":"","footnotes":""},"categories":[12],"tags":[],"class_list":["post-82550","post","type-post","status-publish","format-standard","has-post-thumbnail","hentry","category-policia"],"_links":{"self":[{"href":"https:\/\/www.caririemacao.com\/1\/wp-json\/wp\/v2\/posts\/82550","targetHints":{"allow":["GET"]}}],"collection":[{"href":"https:\/\/www.caririemacao.com\/1\/wp-json\/wp\/v2\/posts"}],"about":[{"href":"https:\/\/www.caririemacao.com\/1\/wp-json\/wp\/v2\/types\/post"}],"author":[{"embeddable":true,"href":"https:\/\/www.caririemacao.com\/1\/wp-json\/wp\/v2\/users\/1"}],"replies":[{"embeddable":true,"href":"https:\/\/www.caririemacao.com\/1\/wp-json\/wp\/v2\/comments?post=82550"}],"version-history":[{"count":1,"href":"https:\/\/www.caririemacao.com\/1\/wp-json\/wp\/v2\/posts\/82550\/revisions"}],"predecessor-version":[{"id":82552,"href":"https:\/\/www.caririemacao.com\/1\/wp-json\/wp\/v2\/posts\/82550\/revisions\/82552"}],"wp:featuredmedia":[{"embeddable":true,"href":"https:\/\/www.caririemacao.com\/1\/wp-json\/wp\/v2\/media\/82551"}],"wp:attachment":[{"href":"https:\/\/www.caririemacao.com\/1\/wp-json\/wp\/v2\/media?parent=82550"}],"wp:term":[{"taxonomy":"category","embeddable":true,"href":"https:\/\/www.caririemacao.com\/1\/wp-json\/wp\/v2\/categories?post=82550"},{"taxonomy":"post_tag","embeddable":true,"href":"https:\/\/www.caririemacao.com\/1\/wp-json\/wp\/v2\/tags?post=82550"}],"curies":[{"name":"wp","href":"https:\/\/api.w.org\/{rel}","templated":true}]}}