{"id":82553,"date":"2019-01-30T08:41:22","date_gmt":"2019-01-30T11:41:22","guid":{"rendered":"http:\/\/www.caririemacao.com\/1\/?p=82553"},"modified":"2019-01-30T08:41:26","modified_gmt":"2019-01-30T11:41:26","slug":"paraibana-faz-campanha-por-cadeira-de-rodas","status":"publish","type":"post","link":"https:\/\/www.caririemacao.com\/1\/2019\/01\/30\/paraibana-faz-campanha-por-cadeira-de-rodas\/","title":{"rendered":"Paraibana faz campanha por cadeira de rodas"},"content":{"rendered":"\n<p>A paraibana Carolina Vieria, publicit\u00e1ria, modelo, feminista e ativista na luta em defesa dos direitos das pessoas com defici\u00eancias, lan\u00e7ou uma campanha na internet para arrecadar fundos para a compra de uma nova cadeiras de rodas.<\/p>\n\n\n\n<p>Carolina sofre de politraumatismo h\u00e1 11 anos ap\u00f3s um acidente automobil\u00edstico, desde ent\u00e3o, precisa de uma cadeira de rodas para se locomover. Sua atual cadeiras&nbsp; de rodas j\u00e1 n\u00e3o tem servido para suas aditividades di\u00e1rias e a publicit\u00e1ria compartilha com seus amigos que j\u00e1 n\u00e3o suporta o incomodo que a mesma produz ao seu corpo.<\/p>\n\n\n\n<p>Encorajada por amigos ela lan\u00e7ou uma \u201cvaquinha virtual\u201d para conseguir levantar a quantia de R$ 7.500,00 ( sete mil e quinhentos reais) para conseguir a nova cadeira de rodas.<\/p>\n\n\n\n<p>Em uma publica\u00e7\u00e3o divulgada na internet ela narra a sua hist\u00f3ria e os motivos da campanha virtual.<\/p>\n\n\n\n<p><strong>Confira:<\/strong><\/p>\n\n\n\n<p><strong><em>Cadeira de Rodas, Carol te quer!<\/em><\/strong><\/p>\n\n\n\n<p><em>Carolina Vieira 34 anos, deficiente f\u00edsica cadeirante, publicit\u00e1ria, modelo, feminista e ativista na luta em defesa dos direitos da Pessoa com Defici\u00eancia.&nbsp; Em junho de 2007, no auge da minha juventude aos 23 anos, estudante do curso de educa\u00e7\u00e3o f\u00edsica e professora de dan\u00e7a de sal\u00e3o, sofri um acidente automobil\u00edstico. Estava na garupa da moto, quando por uma infra\u00e7\u00e3o de tr\u00e2nsito na Av&nbsp; Pedro II nos chocamos com um carro e depois com outro carro.<\/em><\/p>\n\n\n\n<p><em>Resultado: politraumatismo, 5 paradas cardiorrespirat\u00f3rias, 4 costelas fraturadas, traumatismo craniano, maxilar fraturado, derrame nos pulm\u00f5es, f\u00edgado comprometido,&nbsp; nervo&nbsp; do bra\u00e7o&nbsp; esquerdo&nbsp; arrancado da medula, fratura da v\u00e9rtebra do pesco\u00e7o e mais 4 v\u00e9rtebras fraturadas, que resultaram uma les\u00e3o na medula que comprometeram meus movimentos da cintura pra baixo, um coma de 8 dias e 5 cirurgias.<\/em><\/p>\n\n\n\n<p><em>E ainda passado o coma, uma infec\u00e7\u00e3o hospitalar adquirida por 6 pessoas.E de todos eu a \u00fanica sobrevivente da infec\u00e7\u00e3o para contar a hist\u00f3ria.<\/em><\/p>\n\n\n\n<p><em>Uffaaaaaaa\u2019 depois desse primeiro impacto pensei: \u201cpapai do c\u00e9u tem uma miss\u00e3o pra mim\u201d. E com uma certeza. Ou fico no luto ou vou pra luta.<\/em><\/p>\n\n\n\n<p><em>E c\u00e1 estou eu, hoje formada em publicidade, modelo fotogr\u00e1fica, m\u00e3e de cora\u00e7\u00e3o de um lindo garot\u00e3o autista, meu enteado Henrique.&nbsp; Casada com um companheir\u00e3o de todas as horas Gustavo Corr\u00eaa, tamb\u00e9m deficiente e ativista na luta pelos nossos direitos. E que conheci nos movimentos sociais.<\/em><\/p>\n\n\n\n<p><em>Transformei&nbsp; minha luta di\u00e1ria em milit\u00e2ncia pelos direitos das pessoas com defici\u00eancias na representa\u00e7\u00e3o de entidades aqui da Para\u00edba.<\/em><\/p>\n\n\n\n<p><em>E ao lado longo de 11 anos da ent\u00e3o adquirida Defici\u00eancia, fiz&nbsp; parte&nbsp; da extinta Associa\u00e7\u00e3o de Deficientes e Familiares- Asdef na condi\u00e7\u00e3o de vice-presidente e hoje pela Associa\u00e7\u00e3o Atl\u00e9tica das Pessoas com Defici\u00eancias da Para\u00edba AAPD-PB ainda participo de cursos, capacita\u00e7\u00f5es, confer\u00eancias e Conselhos de Direitos, exercendo controle social de gest\u00e3o em pol\u00edticas p\u00fablicas pra n\u00f3s Pessoas com Defici\u00eancias dentro e fora do Estado.<\/em><\/p>\n\n\n\n<p><em><strong>A \u2018VAKINHA\u2019<\/strong><\/em><\/p>\n\n\n\n<p><em>Depois de muita hist\u00f3ria de quebra e conserta. Arruma daqui, troca pe\u00e7a dali e Aperta acul\u00e1. E a \u00faltima que foi uma queda que quase me machucou grave!!!&nbsp; Encorajada por amigos, tomei f\u00f4lego e resolvi criar essa vaquinha.<\/em><\/p>\n\n\n\n<p><em>N\u00e3o tenho mais sa\u00fade e condi\u00e7\u00f5es de esperar por mais dois anos, a doa\u00e7\u00e3o de cadeira de rodas via SUS.<\/em><\/p>\n\n\n\n<p><em>A cadeira n\u00e3o d\u00e1 mais caldo. E eu conseq\u00fcentemente fico sem minhas rodinhas que me levam aos caminhos da vida, por n\u00e3o ter condi\u00e7\u00f5es de comprar.<\/em><\/p>\n\n\n\n<p><em>E n\u00e3o tenho vergonha de tornar p\u00fablico isso.&nbsp; Estou andando na base do improviso e quebra, quebra. Uma cadeira de rodas da qual fui recomendada pelo terapeuta a adquirir, por causa do tipo da minha les\u00e3o, custa em torno de 6 mil reais. Fora o frete!<\/em><\/p>\n\n\n\n<p><em>E por isso decidi fazer uma campanha no site Vakinha Virtual, que incluso esses valores como taxas administrativas do site e os custos do frete, que calculados, somam mais&nbsp; mil e quinhentos reais.&nbsp;&nbsp;<\/em><\/p>\n\n\n\n<p><em>LASQUEI-ME! um absurdo. Os olhos da cara. \u00c9 um modelo mais simples, n\u00e3o consigo utilizar.<\/em><\/p>\n\n\n\n<p><em>Estou aqui para o que acontecer. Parada \u00e9 que n\u00e3o vou ficar. Toda contribui\u00e7\u00e3o financeira, compartilhamentos e divulga\u00e7\u00e3o, me ajudar\u00e3o.<\/em><\/p>\n\n\n\n<p><em>O que tenho a dizer \u00e9 GRATID\u00c3O!<\/em><\/p>\n\n\n\n<p><strong>MaisPB<\/strong><\/p>\n","protected":false},"excerpt":{"rendered":"<p>A paraibana Carolina Vieria, publicit\u00e1ria, modelo, feminista e ativista na luta em defesa dos direitos das pessoas com defici\u00eancias, lan\u00e7ou uma campanha na internet para&hellip; <\/p>\n","protected":false},"author":1,"featured_media":82554,"comment_status":"closed","ping_status":"closed","sticky":false,"template":"","format":"standard","meta":{"sfsi_plus_gutenberg_text_before_share":"","sfsi_plus_gutenberg_show_text_before_share":"","sfsi_plus_gutenberg_icon_type":"","sfsi_plus_gutenberg_icon_alignemt":"","sfsi_plus_gutenburg_max_per_row":"","footnotes":""},"categories":[2],"tags":[],"class_list":["post-82553","post","type-post","status-publish","format-standard","has-post-thumbnail","hentry","category-geral"],"_links":{"self":[{"href":"https:\/\/www.caririemacao.com\/1\/wp-json\/wp\/v2\/posts\/82553","targetHints":{"allow":["GET"]}}],"collection":[{"href":"https:\/\/www.caririemacao.com\/1\/wp-json\/wp\/v2\/posts"}],"about":[{"href":"https:\/\/www.caririemacao.com\/1\/wp-json\/wp\/v2\/types\/post"}],"author":[{"embeddable":true,"href":"https:\/\/www.caririemacao.com\/1\/wp-json\/wp\/v2\/users\/1"}],"replies":[{"embeddable":true,"href":"https:\/\/www.caririemacao.com\/1\/wp-json\/wp\/v2\/comments?post=82553"}],"version-history":[{"count":1,"href":"https:\/\/www.caririemacao.com\/1\/wp-json\/wp\/v2\/posts\/82553\/revisions"}],"predecessor-version":[{"id":82555,"href":"https:\/\/www.caririemacao.com\/1\/wp-json\/wp\/v2\/posts\/82553\/revisions\/82555"}],"wp:featuredmedia":[{"embeddable":true,"href":"https:\/\/www.caririemacao.com\/1\/wp-json\/wp\/v2\/media\/82554"}],"wp:attachment":[{"href":"https:\/\/www.caririemacao.com\/1\/wp-json\/wp\/v2\/media?parent=82553"}],"wp:term":[{"taxonomy":"category","embeddable":true,"href":"https:\/\/www.caririemacao.com\/1\/wp-json\/wp\/v2\/categories?post=82553"},{"taxonomy":"post_tag","embeddable":true,"href":"https:\/\/www.caririemacao.com\/1\/wp-json\/wp\/v2\/tags?post=82553"}],"curies":[{"name":"wp","href":"https:\/\/api.w.org\/{rel}","templated":true}]}}