{"id":82559,"date":"2019-01-30T09:02:25","date_gmt":"2019-01-30T12:02:25","guid":{"rendered":"http:\/\/www.caririemacao.com\/1\/?p=82559"},"modified":"2019-01-30T09:02:39","modified_gmt":"2019-01-30T12:02:39","slug":"falta-de-energia-revolta-populacao-no-cariri","status":"publish","type":"post","link":"https:\/\/www.caririemacao.com\/1\/2019\/01\/30\/falta-de-energia-revolta-populacao-no-cariri\/","title":{"rendered":"Falta de energia revolta popula\u00e7\u00e3o no Cariri"},"content":{"rendered":"\n<p>Ap\u00f3s a forte ventania ocorrida na \u00faltima segunda-feira, dia\n28, v\u00e1rias cidades ainda est\u00e3o com problemas de falta de energia el\u00e9trica. Os\nproblema ocorrem nas cidades de Sum\u00e9, Zabel\u00ea, S\u00e3o Sebasti\u00e3o do Umbuzeiro e\noutras cidades da regi\u00e3o.<\/p>\n\n\n\n<p>Em contato com o Cariri em A\u00e7\u00e3o, pessoas prejudicadas\ncriticam a empresa Energisa pela falta de aten\u00e7\u00e3o com esses locais que est\u00e3o\nsem energia el\u00e9trica.<\/p>\n\n\n\n<p>Na cidade de Sum\u00e9, por exemplo, os moradores da Rua Augusto\nXavier de Sousa denunciam que v\u00eam sofrendo com a falta de energia el\u00e9trica e comentam\nque eletrodom\u00e9sticos foram danificados e todos os alimentos armazenados em\ngeladeiras jogados fora.<\/p>\n\n\n\n<p>\u201cMinha cobran\u00e7a representa v\u00e1rias aqui em Sum\u00e9, n\u00e3o d\u00e1 pra conviver com esta falta de energia que causam transtornos e preju\u00edzos \u00e0 popula\u00e7\u00e3o.\u00a0 A ENERGISA n\u00e3o diz o que est\u00e1 acontecendo e pior, n\u00e3o resolve o problema\u201d, reclamou\u00a0a moradora Jailma Nepomuceno. <\/p>\n","protected":false},"excerpt":{"rendered":"<p>Ap\u00f3s a forte ventania ocorrida na \u00faltima segunda-feira, dia 28, v\u00e1rias cidades ainda est\u00e3o com problemas de falta de energia el\u00e9trica. Os problema ocorrem nas&hellip; <\/p>\n","protected":false},"author":2,"featured_media":82560,"comment_status":"closed","ping_status":"closed","sticky":false,"template":"","format":"standard","meta":{"sfsi_plus_gutenberg_text_before_share":"","sfsi_plus_gutenberg_show_text_before_share":"","sfsi_plus_gutenberg_icon_type":"","sfsi_plus_gutenberg_icon_alignemt":"","sfsi_plus_gutenburg_max_per_row":"","footnotes":""},"categories":[50,2],"tags":[],"class_list":["post-82559","post","type-post","status-publish","format-standard","has-post-thumbnail","hentry","category-destaque","category-geral"],"_links":{"self":[{"href":"https:\/\/www.caririemacao.com\/1\/wp-json\/wp\/v2\/posts\/82559","targetHints":{"allow":["GET"]}}],"collection":[{"href":"https:\/\/www.caririemacao.com\/1\/wp-json\/wp\/v2\/posts"}],"about":[{"href":"https:\/\/www.caririemacao.com\/1\/wp-json\/wp\/v2\/types\/post"}],"author":[{"embeddable":true,"href":"https:\/\/www.caririemacao.com\/1\/wp-json\/wp\/v2\/users\/2"}],"replies":[{"embeddable":true,"href":"https:\/\/www.caririemacao.com\/1\/wp-json\/wp\/v2\/comments?post=82559"}],"version-history":[{"count":2,"href":"https:\/\/www.caririemacao.com\/1\/wp-json\/wp\/v2\/posts\/82559\/revisions"}],"predecessor-version":[{"id":82562,"href":"https:\/\/www.caririemacao.com\/1\/wp-json\/wp\/v2\/posts\/82559\/revisions\/82562"}],"wp:featuredmedia":[{"embeddable":true,"href":"https:\/\/www.caririemacao.com\/1\/wp-json\/wp\/v2\/media\/82560"}],"wp:attachment":[{"href":"https:\/\/www.caririemacao.com\/1\/wp-json\/wp\/v2\/media?parent=82559"}],"wp:term":[{"taxonomy":"category","embeddable":true,"href":"https:\/\/www.caririemacao.com\/1\/wp-json\/wp\/v2\/categories?post=82559"},{"taxonomy":"post_tag","embeddable":true,"href":"https:\/\/www.caririemacao.com\/1\/wp-json\/wp\/v2\/tags?post=82559"}],"curies":[{"name":"wp","href":"https:\/\/api.w.org\/{rel}","templated":true}]}}