{"id":82563,"date":"2019-01-30T09:07:44","date_gmt":"2019-01-30T12:07:44","guid":{"rendered":"http:\/\/www.caririemacao.com\/1\/?p=82563"},"modified":"2019-01-30T09:07:47","modified_gmt":"2019-01-30T12:07:47","slug":"obra-da-adutora-do-alto-do-capibaribe-avanca-e-tubulacoes-sao-assentadas-em-cidade-do-cariri","status":"publish","type":"post","link":"https:\/\/www.caririemacao.com\/1\/2019\/01\/30\/obra-da-adutora-do-alto-do-capibaribe-avanca-e-tubulacoes-sao-assentadas-em-cidade-do-cariri\/","title":{"rendered":"Obra da Adutora do Alto do Capibaribe avan\u00e7a e tubula\u00e7\u00f5es s\u00e3o assentadas em cidade do Cariri"},"content":{"rendered":"\n<p><br><a href=\"http:\/\/www.vitrinedocariri.com.br\/categoria\/destaques-do-cariri\/\"><\/a><\/p>\n\n\n\n<hr class=\"wp-block-separator\"\/>\n\n\n\n<p><\/p>\n\n\n\n<div class=\"wp-block-image\"><figure class=\"alignleft\"><img decoding=\"async\" data-src=\"https:\/\/pernambuconoticias.com.br\/wp-content\/uploads\/2019\/01\/IMG_20190128_133054.jpg\" alt=\"\" class=\"wp-image-9752 lazyload\" src=\"data:image\/svg+xml;base64,PHN2ZyB3aWR0aD0iMSIgaGVpZ2h0PSIxIiB4bWxucz0iaHR0cDovL3d3dy53My5vcmcvMjAwMC9zdmciPjwvc3ZnPg==\" \/><\/figure><\/div>\n\n\n\n<p>Uma frente de trabalho est\u00e1 atuando para implantar os tubos, com 700 mil\u00edmetros de di\u00e2metro, \u00e0s margens da rodovia PB-160, no munic\u00edpio de Barra de S\u00e3o Miguel, na Para\u00edba \u2013 pr\u00f3ximo a Santa Cruz do Capibaribe, em Pernambuco.<\/p>\n\n\n\n<p>Os servi\u00e7os nesse trecho foram iniciados h\u00e1 duas semanas e seguem em dire\u00e7\u00e3o ao local de capta\u00e7\u00e3o que ser\u00e1 realizada no Rio Para\u00edba. A Adutora do Alto Capibaribe \u00e9 uma das obras h\u00eddricas estruturadoras pensadas pelo Governo Paulo C\u00e2mara para antecipar a chegada da \u00e1gua da Transposi\u00e7\u00e3o do Rio S\u00e3o Francisco na Regi\u00e3o Agreste, mais especificamente para nove cidades do Agreste Setentrional. Essa obra recebe o investimento de R$ 82 milh\u00f5es, recursos financiados junto a Caixa Econ\u00f4mica Federal\/ FGTS e tamb\u00e9m beneficiar\u00e1 um munic\u00edpio do Cariri Paraibano.<\/p>\n\n\n\n<p>A previs\u00e3o \u00e9 concluir a adutora at\u00e9 o final deste ano. At\u00e9 agora j\u00e1 foram assentados, nesse trecho, 800 metros das tubula\u00e7\u00f5es de grande porte \u2013 cerca de 31 quil\u00f4metros da adutora&nbsp;ter\u00e1 essas dimens\u00f5es de 700 mil\u00edmetros. Com essas \u00faltimas interven\u00e7\u00f5es, j\u00e1 foram conclu\u00eddos 23% dos servi\u00e7os de assentamento de tubula\u00e7\u00f5es, o que corresponde a mais de 16 quil\u00f4metros de tubos implantados. No total, a Adutora do Alto Capibaribe&nbsp;ter\u00e1 70 quil\u00f4metros de extens\u00e3o e foi projetada para transportar uma vaz\u00e3o de 371 litros de \u00e1gua, por segundo. O empreendimento ainda \u00e9 composto por dez unidades estacion\u00e1rias, como tr\u00eas esta\u00e7\u00f5es elevat\u00f3rias, booster (bombeamento) e a capta\u00e7\u00e3o. A Compesa planeja iniciar as obras para constru\u00e7\u00e3o dessas unidades ainda no m\u00eas&nbsp;de fevereiro, come\u00e7ando pela esta\u00e7\u00e3o elevat\u00f3ria de \u00e1gua bruta e a capta\u00e7\u00e3o \u00e0s margens do Rio Para\u00edba.<\/p>\n\n\n\n<p>A Adutora do Alto Capibaribe far\u00e1 a capta\u00e7\u00e3o da \u00e1gua da Transposi\u00e7\u00e3o na Para\u00edba por meio de um Termo de Coopera\u00e7\u00e3o T\u00e9cnica e Administrativa para uso das \u00e1guas do Rio Para\u00edba, que foi pactuado entres os governos de Pernambuco e da Para\u00edba, representados pela Compesa e a Cagepa (Companhia de \u00c1gua e Esgotos da Para\u00edba), respectivamente. A obra foi iniciada em julho do ano passado.<\/p>\n","protected":false},"excerpt":{"rendered":"<p>Uma frente de trabalho est\u00e1 atuando para implantar os tubos, com 700 mil\u00edmetros de di\u00e2metro, \u00e0s margens da rodovia PB-160, no munic\u00edpio de Barra de&hellip; <\/p>\n","protected":false},"author":1,"featured_media":82564,"comment_status":"closed","ping_status":"closed","sticky":false,"template":"","format":"standard","meta":{"sfsi_plus_gutenberg_text_before_share":"","sfsi_plus_gutenberg_show_text_before_share":"","sfsi_plus_gutenberg_icon_type":"","sfsi_plus_gutenberg_icon_alignemt":"","sfsi_plus_gutenburg_max_per_row":"","footnotes":""},"categories":[2],"tags":[],"class_list":["post-82563","post","type-post","status-publish","format-standard","has-post-thumbnail","hentry","category-geral"],"_links":{"self":[{"href":"https:\/\/www.caririemacao.com\/1\/wp-json\/wp\/v2\/posts\/82563","targetHints":{"allow":["GET"]}}],"collection":[{"href":"https:\/\/www.caririemacao.com\/1\/wp-json\/wp\/v2\/posts"}],"about":[{"href":"https:\/\/www.caririemacao.com\/1\/wp-json\/wp\/v2\/types\/post"}],"author":[{"embeddable":true,"href":"https:\/\/www.caririemacao.com\/1\/wp-json\/wp\/v2\/users\/1"}],"replies":[{"embeddable":true,"href":"https:\/\/www.caririemacao.com\/1\/wp-json\/wp\/v2\/comments?post=82563"}],"version-history":[{"count":1,"href":"https:\/\/www.caririemacao.com\/1\/wp-json\/wp\/v2\/posts\/82563\/revisions"}],"predecessor-version":[{"id":82565,"href":"https:\/\/www.caririemacao.com\/1\/wp-json\/wp\/v2\/posts\/82563\/revisions\/82565"}],"wp:featuredmedia":[{"embeddable":true,"href":"https:\/\/www.caririemacao.com\/1\/wp-json\/wp\/v2\/media\/82564"}],"wp:attachment":[{"href":"https:\/\/www.caririemacao.com\/1\/wp-json\/wp\/v2\/media?parent=82563"}],"wp:term":[{"taxonomy":"category","embeddable":true,"href":"https:\/\/www.caririemacao.com\/1\/wp-json\/wp\/v2\/categories?post=82563"},{"taxonomy":"post_tag","embeddable":true,"href":"https:\/\/www.caririemacao.com\/1\/wp-json\/wp\/v2\/tags?post=82563"}],"curies":[{"name":"wp","href":"https:\/\/api.w.org\/{rel}","templated":true}]}}