{"id":82570,"date":"2019-01-30T10:05:30","date_gmt":"2019-01-30T13:05:30","guid":{"rendered":"http:\/\/www.caririemacao.com\/1\/?p=82570"},"modified":"2019-01-30T10:05:35","modified_gmt":"2019-01-30T13:05:35","slug":"padre-investigado-em-denuncias-de-exploracao-sexual-e-afastado","status":"publish","type":"post","link":"https:\/\/www.caririemacao.com\/1\/2019\/01\/30\/padre-investigado-em-denuncias-de-exploracao-sexual-e-afastado\/","title":{"rendered":"Padre investigado em den\u00fancias de explora\u00e7\u00e3o sexual \u00e9 afastado"},"content":{"rendered":"\n<p>O padre Rui Braga, citado na reportagem que foi ao ar pelo Fant\u00e1stico no \u00faltimo dia 20, foi afastado pela Arquidiocese da Para\u00edba, deixando de celebrar missas. O afastamento, determinado pelo Arcebispo do estado, Dom Manoel Delson, \u00e9 um procedimento interno da Igreja para averigua\u00e7\u00e3o dos fatos.<\/p>\n\n\n\n<p>De acordo com a assessoria da Arquidiocese, dom Manoel Delson estava de f\u00e9rias mas providenciou a antecipa\u00e7\u00e3o da sua volta ap\u00f3s a exibi\u00e7\u00e3o da reportagem, cancelando as visitas que faria aos conventos de sua congrega\u00e7\u00e3o. O arcebispo, que \u00e9 franciscano da Ordem dos Frades Menores Capuchinhos, retornou \u00e0 Para\u00edba na \u00faltima sexta-feira (25).Publicidade<\/p>\n\n\n\n\n\n<p>Ainda segundo a assessoria, o padre Rui Braga est\u00e1 atualmente hospitalizado devido a uma crise de hipertens\u00e3o.<\/p>\n\n\n\n<p><strong>Padre havia se manifestado nas redes sociais<\/strong><\/p>\n\n\n\n<p>No dia 22 deste m\u00eas, por meio de uma publica\u00e7\u00e3o nas redes sociais, o padre Rui Braga afirmou que estava surpreso com as den\u00fancias veiculadas pelo Fant\u00e1stico no dia 20. Ele declarou que o a reportagem tomou como base um conte\u00fado \u201crequentado no calor de um \u00f3dio sem precedente\u201d. \u201cSinto que n\u00e3o se trata de um zelo pela justi\u00e7a, mas creio que passa pela esfera do pessoal\u201d, disse. Ele ainda salientou que as den\u00fancias foram arquivadas.<\/p>\n","protected":false},"excerpt":{"rendered":"<p>O padre Rui Braga, citado na reportagem que foi ao ar pelo Fant\u00e1stico no \u00faltimo dia 20, foi afastado pela Arquidiocese da Para\u00edba, deixando de&hellip; <\/p>\n","protected":false},"author":1,"featured_media":82571,"comment_status":"closed","ping_status":"closed","sticky":false,"template":"","format":"standard","meta":{"sfsi_plus_gutenberg_text_before_share":"","sfsi_plus_gutenberg_show_text_before_share":"","sfsi_plus_gutenberg_icon_type":"","sfsi_plus_gutenberg_icon_alignemt":"","sfsi_plus_gutenburg_max_per_row":"","footnotes":""},"categories":[2],"tags":[],"class_list":["post-82570","post","type-post","status-publish","format-standard","has-post-thumbnail","hentry","category-geral"],"_links":{"self":[{"href":"https:\/\/www.caririemacao.com\/1\/wp-json\/wp\/v2\/posts\/82570","targetHints":{"allow":["GET"]}}],"collection":[{"href":"https:\/\/www.caririemacao.com\/1\/wp-json\/wp\/v2\/posts"}],"about":[{"href":"https:\/\/www.caririemacao.com\/1\/wp-json\/wp\/v2\/types\/post"}],"author":[{"embeddable":true,"href":"https:\/\/www.caririemacao.com\/1\/wp-json\/wp\/v2\/users\/1"}],"replies":[{"embeddable":true,"href":"https:\/\/www.caririemacao.com\/1\/wp-json\/wp\/v2\/comments?post=82570"}],"version-history":[{"count":1,"href":"https:\/\/www.caririemacao.com\/1\/wp-json\/wp\/v2\/posts\/82570\/revisions"}],"predecessor-version":[{"id":82572,"href":"https:\/\/www.caririemacao.com\/1\/wp-json\/wp\/v2\/posts\/82570\/revisions\/82572"}],"wp:featuredmedia":[{"embeddable":true,"href":"https:\/\/www.caririemacao.com\/1\/wp-json\/wp\/v2\/media\/82571"}],"wp:attachment":[{"href":"https:\/\/www.caririemacao.com\/1\/wp-json\/wp\/v2\/media?parent=82570"}],"wp:term":[{"taxonomy":"category","embeddable":true,"href":"https:\/\/www.caririemacao.com\/1\/wp-json\/wp\/v2\/categories?post=82570"},{"taxonomy":"post_tag","embeddable":true,"href":"https:\/\/www.caririemacao.com\/1\/wp-json\/wp\/v2\/tags?post=82570"}],"curies":[{"name":"wp","href":"https:\/\/api.w.org\/{rel}","templated":true}]}}