{"id":82583,"date":"2019-01-30T10:41:13","date_gmt":"2019-01-30T13:41:13","guid":{"rendered":"http:\/\/www.caririemacao.com\/1\/?p=82583"},"modified":"2019-01-30T10:41:19","modified_gmt":"2019-01-30T13:41:19","slug":"educacao-de-sume-realiza-projeto-para-alunos-fora-da-idade-escolar-inscricoes-ja-estao-abertas","status":"publish","type":"post","link":"https:\/\/www.caririemacao.com\/1\/2019\/01\/30\/educacao-de-sume-realiza-projeto-para-alunos-fora-da-idade-escolar-inscricoes-ja-estao-abertas\/","title":{"rendered":"Educa\u00e7\u00e3o de Sum\u00e9 realiza projeto para alunos fora da idade escolar; inscri\u00e7\u00f5es j\u00e1 est\u00e3o abertas"},"content":{"rendered":"\n<p>Pensando sempre no melhor para a educa\u00e7\u00e3o de Sum\u00e9, a Secretaria de Educa\u00e7\u00e3o Municipal (Seduc) implantou o Programa de Corre\u00e7\u00e3o de Fluxo para alunos com problemas de distor\u00e7\u00e3o idade\/s\u00e9rie.<\/p>\n\n\n\n<p>De acordo com o secret\u00e1rio da pasta Odilon Ara\u00fajo, que se reuniu com o prefeito Eden e todo corpo pedag\u00f3gico para apresentar e discutir o projeto, nesse primeiro momento ser\u00e3o atendidos alunos com idade a partir de 14 e 15 anos que ainda est\u00e3o ocupando cadeiras do Fundamental II. \u201c\u00c9 um p\u00fablico que pela faixa et\u00e1ria j\u00e1 era para estar no ensino m\u00e9dio, mas por alguma raz\u00e3o n\u00e3o tiveram todas as suas habilidades desenvolvidas. O Educare vem atender essa demanda e espera suprir essa lacuna, no prazo de dois anos\u201d, afirmou.<\/p>\n\n\n\n<p>Odilon acrescentou tamb\u00e9m que o prefeito de Sum\u00e9 foi muito sens\u00edvel \u00e0 proposta. \u201cAo analisarmos aqui o projeto sob o ponto de vista pedag\u00f3gico e financeiro, \u00c9den n\u00e3o pensou duas vezes, imediatamente, ele viabilizou a sua execu\u00e7\u00e3o\u201d, disse o secret\u00e1rio.<\/p>\n\n\n\n<p>A exemplo do projeto Alfaletra que desde o ano de 2018 vem contribuindo significativamente para a melhoria educacional das escolas Maria Leite e Z\u00e9lia Braz, no Fundamental I, Odilon acredita que o Educare far\u00e1 toda a diferen\u00e7a junto aos alunos do Fundamental II que fogem a curva do ensino\/aprendizado. Cerca de 50 alunos ser\u00e3o atendidos nesse primeiro momento.<\/p>\n\n\n\n<p>Um edital de sele\u00e7\u00e3o est\u00e1 aberto para contrata\u00e7\u00e3o tempor\u00e1ria em car\u00e1ter excepcional de professor dos anos finais do Ensino Fundamental para atuar no Programa.<\/p>\n\n\n\n<p>Aparecida Gomes, coordenadora pedag\u00f3gica do munic\u00edpio, disse que essa a\u00e7\u00e3o \u00e9 mais uma realiza\u00e7\u00e3o para a Educa\u00e7\u00e3o de Sum\u00e9. Segundo ela, tudo s\u00f3 foi poss\u00edvel gra\u00e7as a vis\u00e3o futurista do prefeito \u00c9den que pensa na coletividade.<\/p>\n\n\n\n<p>O projeto j\u00e1 \u00e9 para in\u00edcio imediato. A coordenadora pedag\u00f3gica acrescentou que as aulas j\u00e1 iniciam com as turmas organizadas.<\/p>\n\n\n\n<p>Aparecida faz um apelo para que os profissionais de Educa\u00e7\u00e3o do Campo, por \u00e1rea do conhecimento, se inscrevam no Programa.<\/p>\n\n\n\n<p>Os alunos da rede municipal de ensino que por algum motivo est\u00e1 fora da sala de aula e que tem interesse em retomar os estudos, devem procurar imediatamente a escola mais pr\u00f3xima para obter informa\u00e7\u00f5es e realizar a inscri\u00e7\u00e3o.<\/p>\n\n\n\n<p>Ascom PMS<\/p>\n","protected":false},"excerpt":{"rendered":"<p>Pensando sempre no melhor para a educa\u00e7\u00e3o de Sum\u00e9, a Secretaria de Educa\u00e7\u00e3o Municipal (Seduc) implantou o Programa de Corre\u00e7\u00e3o de Fluxo para alunos com&hellip; <\/p>\n","protected":false},"author":1,"featured_media":54911,"comment_status":"closed","ping_status":"closed","sticky":false,"template":"","format":"standard","meta":{"sfsi_plus_gutenberg_text_before_share":"","sfsi_plus_gutenberg_show_text_before_share":"","sfsi_plus_gutenberg_icon_type":"","sfsi_plus_gutenberg_icon_alignemt":"","sfsi_plus_gutenburg_max_per_row":"","footnotes":""},"categories":[14],"tags":[],"class_list":["post-82583","post","type-post","status-publish","format-standard","has-post-thumbnail","hentry","category-educacao"],"_links":{"self":[{"href":"https:\/\/www.caririemacao.com\/1\/wp-json\/wp\/v2\/posts\/82583","targetHints":{"allow":["GET"]}}],"collection":[{"href":"https:\/\/www.caririemacao.com\/1\/wp-json\/wp\/v2\/posts"}],"about":[{"href":"https:\/\/www.caririemacao.com\/1\/wp-json\/wp\/v2\/types\/post"}],"author":[{"embeddable":true,"href":"https:\/\/www.caririemacao.com\/1\/wp-json\/wp\/v2\/users\/1"}],"replies":[{"embeddable":true,"href":"https:\/\/www.caririemacao.com\/1\/wp-json\/wp\/v2\/comments?post=82583"}],"version-history":[{"count":1,"href":"https:\/\/www.caririemacao.com\/1\/wp-json\/wp\/v2\/posts\/82583\/revisions"}],"predecessor-version":[{"id":82584,"href":"https:\/\/www.caririemacao.com\/1\/wp-json\/wp\/v2\/posts\/82583\/revisions\/82584"}],"wp:featuredmedia":[{"embeddable":true,"href":"https:\/\/www.caririemacao.com\/1\/wp-json\/wp\/v2\/media\/54911"}],"wp:attachment":[{"href":"https:\/\/www.caririemacao.com\/1\/wp-json\/wp\/v2\/media?parent=82583"}],"wp:term":[{"taxonomy":"category","embeddable":true,"href":"https:\/\/www.caririemacao.com\/1\/wp-json\/wp\/v2\/categories?post=82583"},{"taxonomy":"post_tag","embeddable":true,"href":"https:\/\/www.caririemacao.com\/1\/wp-json\/wp\/v2\/tags?post=82583"}],"curies":[{"name":"wp","href":"https:\/\/api.w.org\/{rel}","templated":true}]}}