{"id":82592,"date":"2019-01-30T11:27:50","date_gmt":"2019-01-30T14:27:50","guid":{"rendered":"http:\/\/www.caririemacao.com\/1\/?p=82592"},"modified":"2019-01-30T11:27:53","modified_gmt":"2019-01-30T14:27:53","slug":"agricultura-familiar-fornece-alimentos-para-merenda-de-662-escolas-estaduais-da-paraiba","status":"publish","type":"post","link":"https:\/\/www.caririemacao.com\/1\/2019\/01\/30\/agricultura-familiar-fornece-alimentos-para-merenda-de-662-escolas-estaduais-da-paraiba\/","title":{"rendered":"Agricultura familiar fornece alimentos para merenda de 662 escolas estaduais da Para\u00edba"},"content":{"rendered":"\n<p>O c\u00e9u ainda mistura as cores da noite e do dia quando seu Luiz Dam\u00e1sio de Lima se prepara para o trabalho. \u00c0s 4h30, o agricultor se desloca at\u00e9 o assentamento Padre Higino, em Sap\u00e9, para cuidar de frutas e verduras. Seu Luizinho, como \u00e9 conhecido, trabalha assentado na reforma agr\u00e1ria h\u00e1 22 anos, mas conta que passou toda a sua vida no campo. Explica que a rotina \u00e9 pesada e que vai muito al\u00e9m da planta\u00e7\u00e3o.<\/p>\n\n\n\n<p>O agricultor \u00e9 um dos 122 integrantes da Cooperativa Agroecol\u00f3gica Mista da V\u00e1rzea Paraibana (COMASE), a cooperativa mant\u00e9m parceria com o Governo do Estado da Para\u00edba para a aquisi\u00e7\u00e3o de alimentos para a merenda escolar atrav\u00e9s do Programa Nacional de Alimenta\u00e7\u00e3o Escolar (PNAE). Al\u00e9m de seu Luizinho e outros agricultores que s\u00e3o de Sap\u00e9, h\u00e1 outros participantes da cooperativa espalhados por cidades pr\u00f3ximas como Mari, Sobrado, Cruz do Esp\u00edrito Santo e Riach\u00e3o do Po\u00e7o.<\/p>\n\n\n\n<p>O PNAE \u00e9 um programa do Governo Federal, mas na Para\u00edba o Governo faz a complementa\u00e7\u00e3o dos recursos com receita estadual, tanto que est\u00e3o abertos editais de chamada p\u00fablica para a aquisi\u00e7\u00e3o de g\u00eaneros aliment\u00edcios para a merenda escolar diretamente da agricultura familiar, totalizando quase R$ 40 milh\u00f5es. O prazo para o envio da documenta\u00e7\u00e3o dos fornecedores de alimentos se inicia em fevereiro de 2019.<\/p>\n\n\n\n<p>A cooperativa \u00e9 apenas um exemplo dos cerca de 250 contratos que atendem 662 escolas da Rede Estadual da Para\u00edba. Segundo Graciele Ferreira, gerente operacional de Assist\u00eancia ao Estudante da Secretaria de Estado da Educa\u00e7\u00e3o e da Ci\u00eancia e Tecnologia (SEECT), &#8220;este encontro \u2013 da alimenta\u00e7\u00e3o escolar com a agricultura familiar \u2013 tem promovido uma importante transforma\u00e7\u00e3o na alimenta\u00e7\u00e3o escolar da Para\u00edba, ao permitir que alimentos saud\u00e1veis, produzidos diretamente pela agricultura familiar, possam ser consumidos diariamente pelos alunos da nossa rede estadual&#8221;. De acordo com a gerente, a parceria tamb\u00e9m tem fortalecido a economia regional e a articula\u00e7\u00e3o entre as cooperativas, associa\u00e7\u00f5es e agricultores individuais,<\/p>\n\n\n\n<p><strong>Cooperativas<\/strong>&nbsp;&#8211; Clayrton Freitas, presidente da COMASE, explica que ao todo atendem 69 escolas, sendo 31 municipais e 38 estaduais alcan\u00e7adas pelo programa. Antes da parceria com o Estado, alguns agricultores j\u00e1 forneciam seus produtos as escolas, mas foi atrav\u00e9s do PNAE que essa rede se firmou, e h\u00e1 quatro anos os alunos da rede p\u00fablica t\u00eam acesso aos alimentos produzidos nos assentamentos.<\/p>\n\n\n\n<p>Pai de quatro filhas, seu Luizinho conta que todas elas foram contempladas com a merenda feita com os alimentos que ele e seus colegas de trabalho produziam nos assentamentos. &#8220;\u00c9 muito importante e gratificante, n\u00e3o eram s\u00f3 minhas filhas, mas tamb\u00e9m os filhos de vizinhos, amigos, a comunidade toda&#8221;, conta.<\/p>\n\n\n\n<p>Tallison Andr\u00e9, que tamb\u00e9m preside a cooperativa explica a import\u00e2ncia desse conv\u00eanio com os agricultores. &#8220;\u00c9 importante essa participa\u00e7\u00e3o dos agricultores dentro da cooperativa, porque essa produ\u00e7\u00e3o, essa comercializa\u00e7\u00e3o d\u00e1 sustentabilidade financeira \u00e0s fam\u00edlias, a autonomia da produ\u00e7\u00e3o&#8221;, conta.<\/p>\n\n\n\n<p>Al\u00e9m disso, os produtores t\u00eam consci\u00eancia da seriedade de uma produ\u00e7\u00e3o ecol\u00f3gica. &#8220;\u00c9 muito importante produzir de maneira agroecol\u00f3gica. A alimenta\u00e7\u00e3o \u00e9 o carro chefe do ser humano, a gente \u00e9 o que se alimenta, o processo agroecol\u00f3gico \u00e9 de fundamental import\u00e2ncia, tanto na pequena quanto na grande produ\u00e7\u00e3o. O agroneg\u00f3cio a gente encara como um processo que enche o solo de agrot\u00f3xico, \u00e9 s\u00f3 morte ali. A agroecologia \u00e9 um projeto de vida, a gente trabalha todos os dias para ter mais vida&#8221;, explica seu Luizinho.<\/p>\n\n\n\n<p>Secom-PB&nbsp;<\/p>\n","protected":false},"excerpt":{"rendered":"<p>O c\u00e9u ainda mistura as cores da noite e do dia quando seu Luiz Dam\u00e1sio de Lima se prepara para o trabalho. \u00c0s 4h30, o&hellip; <\/p>\n","protected":false},"author":1,"featured_media":82593,"comment_status":"closed","ping_status":"closed","sticky":false,"template":"","format":"standard","meta":{"sfsi_plus_gutenberg_text_before_share":"","sfsi_plus_gutenberg_show_text_before_share":"","sfsi_plus_gutenberg_icon_type":"","sfsi_plus_gutenberg_icon_alignemt":"","sfsi_plus_gutenburg_max_per_row":"","footnotes":""},"categories":[11],"tags":[],"class_list":["post-82592","post","type-post","status-publish","format-standard","has-post-thumbnail","hentry","category-politica"],"_links":{"self":[{"href":"https:\/\/www.caririemacao.com\/1\/wp-json\/wp\/v2\/posts\/82592","targetHints":{"allow":["GET"]}}],"collection":[{"href":"https:\/\/www.caririemacao.com\/1\/wp-json\/wp\/v2\/posts"}],"about":[{"href":"https:\/\/www.caririemacao.com\/1\/wp-json\/wp\/v2\/types\/post"}],"author":[{"embeddable":true,"href":"https:\/\/www.caririemacao.com\/1\/wp-json\/wp\/v2\/users\/1"}],"replies":[{"embeddable":true,"href":"https:\/\/www.caririemacao.com\/1\/wp-json\/wp\/v2\/comments?post=82592"}],"version-history":[{"count":1,"href":"https:\/\/www.caririemacao.com\/1\/wp-json\/wp\/v2\/posts\/82592\/revisions"}],"predecessor-version":[{"id":82594,"href":"https:\/\/www.caririemacao.com\/1\/wp-json\/wp\/v2\/posts\/82592\/revisions\/82594"}],"wp:featuredmedia":[{"embeddable":true,"href":"https:\/\/www.caririemacao.com\/1\/wp-json\/wp\/v2\/media\/82593"}],"wp:attachment":[{"href":"https:\/\/www.caririemacao.com\/1\/wp-json\/wp\/v2\/media?parent=82592"}],"wp:term":[{"taxonomy":"category","embeddable":true,"href":"https:\/\/www.caririemacao.com\/1\/wp-json\/wp\/v2\/categories?post=82592"},{"taxonomy":"post_tag","embeddable":true,"href":"https:\/\/www.caririemacao.com\/1\/wp-json\/wp\/v2\/tags?post=82592"}],"curies":[{"name":"wp","href":"https:\/\/api.w.org\/{rel}","templated":true}]}}